{"id":2343,"date":"2022-05-07T13:54:49","date_gmt":"2022-05-07T11:54:49","guid":{"rendered":"https:\/\/www.obudanapja.hu\/obuda-napja-2022\/?p=2343"},"modified":"2022-05-07T13:54:49","modified_gmt":"2022-05-07T11:54:49","slug":"atadtuk-a-kozbiztonsagert-dijakat","status":"publish","type":"post","link":"https:\/\/www.obudanapja.hu\/obuda-napja-2022\/atadtuk-a-kozbiztonsagert-dijakat\/","title":{"rendered":"\u00c1tadtuk a K\u00f6zbiztons\u00e1g\u00e9rt D\u00edjakat"},"content":{"rendered":"<p><strong>Ker\u00fclet\u00fcnk k\u00f6zbiztons\u00e1g\u00e1\u00e9rt kitart\u00f3an \u00e9s kiemelked\u0151 szakmai sz\u00ednvonalon v\u00e9gzett munk\u00e1t minden \u00e9vben \u00d6nkorm\u00e1nyzatunk \u00e1ltal alap\u00edtott d\u00edjjal ismerj\u00fck el. Az idei \u00e9vben a b\u00e9k\u00e1smegyeri K\u00f6zbiztons\u00e1gi Nap programjainak \u00fcnnep\u00e9lyes megnyit\u00f3j\u00e1n adta \u00e1t dr. Kiss L\u00e1szl\u00f3 polg\u00e1rmester az \u00d3buda-B\u00e9k\u00e1smegyer K\u00f6zbiztons\u00e1g\u00e1\u00e9rt D\u00edjakat.<\/strong><\/p>\n<p>\u201eA mai napon az\u00e9rt gy\u0171lt\u00fcnk \u00f6ssze, hogy mindazoknak k\u00f6sz\u00f6netet mondjunk, akik \u00e9rt\u00fcnk, a ker\u00fclet biztons\u00e1g\u00e1\u00e9rt v\u00e9geznek az \u00e9v 365 napj\u00e1n \u00e1ldozatos munk\u00e1t \u2013 mondta dr. Kiss L\u00e1szl\u00f3 k\u00f6sz\u00f6nt\u0151besz\u00e9d\u00e9ben. \u2013 Amikor \u00d3buda-B\u00e9k\u00e1smegyer K\u00f6zbiztons\u00e1g\u00e1\u00e9rt D\u00edj idei kit\u00fcntetettjeinek p\u00e1ly\u00e1j\u00e1ra tekint\u00fcnk, l\u00e1thatjuk, sokf\u00e9le \u00e9letutat j\u00e1rtak be. De van, ami k\u00f6z\u00f6s benn\u00fck: magas sz\u00ednvonal\u00fa szakmai felk\u00e9sz\u00fcl\u00e9s \u00e9s felel\u0151ss\u00e9gv\u00e1llal\u00e1s \u00e1ll kiemelked\u0151 munk\u00e1juk m\u00f6g\u00f6tt, ak\u00e1r hivat\u00e1sb\u00f3l, ak\u00e1r \u00f6nk\u00e9ntesk\u00e9nt szolg\u00e1lnak minket.\u201d<\/p>\n<p>Az \u00d3buda-B\u00e9k\u00e1smegyer \u00d6nkorm\u00e1nyzat \u00e1ltal adom\u00e1nyozott \u00d3buda-B\u00e9k\u00e1smegyer K\u00f6zbiztons\u00e1g\u00e1\u00e9rt D\u00edjakat hagyom\u00e1nyosan <a href=\"https:\/\/www.obudanapja.hu\/obuda-napja-2022\">\u00d3buda Napj\u00e1n<\/a>, \u00fcnneps\u00e9ggel egybek\u00f6tve adjuk \u00e1t minden \u00e9vben. Az elm\u00falt k\u00e9t esztend\u0151ben azonban arra k\u00e9nyszer\u00fclt\u00fcnk, hogy sz\u0171k k\u00f6rben tal\u00e1lkozzunk, \u00edgy k\u00fcl\u00f6n\u00f6s \u00f6r\u00f6m, hogy az idei \u00d3buda Napj\u00e1hoz kapcsol\u00f3d\u00f3 d\u00edj\u00e1tad\u00f3 alkalmakon egy\u00fctt \u00fcnnepelhet\u00fcnk, \u00e9s gratul\u00e1lhatunk kit\u00fcntetettjeinknek.<\/p>\n<p>Az \u00d3buda Napja eg\u00e9sz h\u00e9tv\u00e9g\u00e9s rendezv\u00e9nysorozatunk r\u00e9szek\u00e9nt a b\u00e9k\u00e1smegyeri Csob\u00e1nka t\u00e9ren K\u00f6zbiztons\u00e1gi Napon v\u00e1rtuk izgalmas programokkal a csal\u00e1dokat. Az \u00d3buda-B\u00e9k\u00e1smegyer K\u00f6zbiztons\u00e1g\u00e1\u00e9rt D\u00edjak \u00fcnnep\u00e9lyes \u00e1tad\u00e1sa el\u0151tt az \u00d3budai Kuty\u00e1s Egyes\u00fclet bemutat\u00f3j\u00e1val \u00e9s a Rend\u0151rzenekar el\u0151ad\u00e1s\u00e1val m\u00e1r is elkezd\u0151d\u00f6tt az izgalmas programok sora.<\/p>\n<p>Az <strong>\u00d3buda-B\u00e9k\u00e1smegyer K\u00f6zbiztons\u00e1g\u00e1\u00e9rt D\u00edj<\/strong> elismer\u00e9sben az \u00f6nkorm\u00e1nyzati rendelet \u00e9rtelm\u00e9ben a harmadik ker\u00fclet k\u00f6zbiztons\u00e1g\u00e1nak \u00e9rdek\u00e9ben tart\u00f3san kiemelked\u0151 munk\u00e1t v\u00e9gz\u0151 szem\u00e9lyek r\u00e9szes\u00fclhetnek. Akik az idei \u00e9vben \u00e1tvehett\u00e9k a d\u00edjakat, akikre b\u00fcszk\u00e9k vagyunk:<\/p>\n<p><strong><br \/>\nMichny\u00f3czki-Kov\u00e1cs Nikoletta rend\u0151r f\u0151hadnagy<\/strong><\/p>\n<p><img decoding=\"async\" loading=\"lazy\" class=\"alignnone wp-image-167642 size-large\" src=\"https:\/\/obuda.hu\/wp-content\/uploads\/2022\/05\/Michny\u00f3czki-525x350.jpg\" alt=\"\" width=\"525\" height=\"350\" \/><\/p>\n<p><strong>Michny\u00f3czki-Kov\u00e1cs Nikoletta rend\u0151r f\u0151hadnagy<\/strong> 1997. j\u00falius 1-j\u00e9n szerelt fel a BRFK III. ker\u00fcleti Rend\u0151rkapit\u00e1nys\u00e1g B\u00e9k\u00e1smegyeri Rend\u0151r\u0151rs \u00e1llom\u00e1ny\u00e1ba. Jelenleg a B\u0171n\u00fcgyi Oszt\u00e1ly B\u0171n\u00fcld\u00f6z\u00e9si Aloszt\u00e1ly \u00e1llom\u00e1ny\u00e1ban nyomoz\u00f3tiszt beoszt\u00e1sban teljes\u00edt szolg\u00e1latot. Kiemelked\u0151 hely,- \u00e9s szem\u00e9lyismerettel rendelkezik, a megszerzett tapasztalatait mindv\u00e9gig igyekezett \u00e1tadni fiatalabb koll\u00e9g\u00e1inak. Szakmai felk\u00e9sz\u00fclts\u00e9ge \u00e9s a szervezet ir\u00e1nti lojalit\u00e1sa az \u00e1llom\u00e1ny el\u0151tt p\u00e9ldak\u00e9pp\u00e9 form\u00e1lta.<\/p>\n<p>&nbsp;<\/p>\n<p><strong>Prodl Erika rend\u0151r f\u0151hadnagy<\/strong><\/p>\n<p><img decoding=\"async\" loading=\"lazy\" class=\"alignnone wp-image-167643 size-large\" src=\"https:\/\/obuda.hu\/wp-content\/uploads\/2022\/05\/prodl-525x350.jpg\" alt=\"\" width=\"525\" height=\"350\" \/><\/p>\n<p><strong>Prodl Erika rend\u0151r f\u0151hadnagy <\/strong>a rend\u00e9szeti szakk\u00f6z\u00e9piskolai tanulm\u00e1nyainak befejez\u00e9s\u00e9t k\u00f6vet\u0151en 1997. j\u00falius 1-j\u00e9t\u0151l kezdte a hivat\u00e1sos rend\u0151ri szolg\u00e1lat\u00e1t a BRFK III. ker\u00fcleti Rend\u0151rkapit\u00e1nys\u00e1g K\u00f6zrendv\u00e9delmi Oszt\u00e1ly \u00e1llom\u00e1ny\u00e1ba, m\u00e1rcius \u00f3ta az Igazgat\u00e1srend\u00e9szeti Oszt\u00e1ly \u00e1llom\u00e1ny\u00e1ban el\u0151ad\u00f3. T\u00f6bbletmunk\u00e1val j\u00e1r\u00f3 DADA, valamint balesetmegel\u0151z\u00e9si feladatokat is v\u00e9gzett, \u00e9s els\u0151k\u00e9nt ker\u00fclt baleseti helysz\u00ednel\u0151 beoszt\u00e1sba. El\u00f6lj\u00e1r\u00f3i kiemelik, hogy int\u00e9zked\u00e9seit mindig hat\u00e1rozottan, jog- \u00e9s szakszer\u0171en foganatos\u00edtja.<\/p>\n<p>&nbsp;<\/p>\n<p><strong>Appl J\u00e1nos t\u0171zolt\u00f3 f\u0151t\u00f6rzs\u0151rmester<\/strong><\/p>\n<p><img decoding=\"async\" loading=\"lazy\" class=\"alignnone wp-image-167644 size-large\" src=\"https:\/\/obuda.hu\/wp-content\/uploads\/2022\/05\/appl-525x350.jpg\" alt=\"\" width=\"525\" height=\"350\" \/><\/p>\n<p><strong>Appl J\u00e1nos t\u0171zolt\u00f3 f\u0151t\u00f6rzs\u0151rmester<\/strong> 1988. augusztus 16-\u00e1n szerelt fel t\u0171zolt\u00f3nak a III. ker\u00fcleti Hivat\u00e1sos T\u0171zolt\u00f3parancsnoks\u00e1gon. Eltelt szolg\u00e1lati ideje alatt sz\u00e1mos t\u0171z-, \u00e9s k\u00e1reset felsz\u00e1mol\u00e1s\u00e1ban vett r\u00e9szt. Munkav\u00e9gz\u00e9s\u00e9t mindv\u00e9gig precizit\u00e1s, kell\u0151 k\u00f6r\u00fcltekint\u00e9s \u00e9s szakmai hozz\u00e1\u00e9rt\u00e9s jellemezte, ennek egyik bizony\u00edt\u00e9ka, hogy 33 \u00e9ve balesetmentesen vezeti a t\u0171zolt\u00f3s\u00e1g g\u00e9pj\u00e1rm\u0171veit. Az \u00e9vek sor\u00e1n olyan t\u0171zolt\u00f3v\u00e1 v\u00e1lt, akinek a szakmai tapasztalataira b\u00e1tran t\u00e1maszkodhatnak koll\u00e9g\u00e1i \u00e9s a parancsnoka is.<\/p>\n<p>&nbsp;<\/p>\n<p><strong>Vad Tibor J\u00e1nos ment\u0151technikus<\/strong><\/p>\n<p><img decoding=\"async\" loading=\"lazy\" class=\"alignnone wp-image-167645 size-large\" src=\"https:\/\/obuda.hu\/wp-content\/uploads\/2022\/05\/vad-525x350.jpg\" alt=\"\" width=\"525\" height=\"350\" \/><\/p>\n<p><strong>Vad Tibor J\u00e1nos ment\u0151technikus<\/strong> 2012. febru\u00e1r 1. \u00f3ta az Orsz\u00e1gos Ment\u0151szolg\u00e1lat munkat\u00e1rsa. A csillaghegyi ment\u0151\u00e1llom\u00e1son ment\u0151-g\u00e9pkocsivezet\u0151i st\u00e1tuszban kezdte meg hivat\u00e1s\u00e1t, ahol az elm\u00falt \u00e9vek sor\u00e1n ment\u0151szak\u00e1pol\u00f3i v\u00e9gzetts\u00e9get is szerzett. Sokat tesz a ment\u0151\u00e1llom\u00e1s szakmai sz\u00ednvonal jav\u00edt\u00e1s\u00e1nak \u00e9rdek\u00e9ben, \u00e9s r\u00e9szt vesz a bel\u00e9p\u0151 dolgoz\u00f3k szakmai k\u00e9pz\u00e9s\u00e9ben. A ker\u00fcleti t\u00e1rsszervek, int\u00e9zm\u00e9nyek \u00e9s iskol\u00e1k rendezv\u00e9nyein mindig sz\u00e1m\u00edthat r\u00e1 a ker\u00fclet, a ment\u0151alap\u00edtv\u00e1ny munk\u00e1j\u00e1t szint\u00e9n akt\u00edvan seg\u00edti.<\/p>\n<p>&nbsp;<\/p>\n<p><strong>Kiss L\u00e1szl\u00f3 k\u00f6zter\u00fclet-fel\u00fcgyel\u0151<\/strong><\/p>\n<p><img decoding=\"async\" loading=\"lazy\" class=\"alignnone wp-image-167646 size-large\" src=\"https:\/\/obuda.hu\/wp-content\/uploads\/2022\/05\/kiss-525x350.jpg\" alt=\"\" width=\"525\" height=\"350\" \/><\/p>\n<p><strong>Kiss L\u00e1szl\u00f3 k\u00f6zter\u00fclet-fel\u00fcgyel\u0151 <\/strong>2008. november 1. \u00f3ta dolgozik \u00d3buda-B\u00e9k\u00e1smegyer K\u00f6zter\u00fclet-fel\u00fcgyelet \u00e1llom\u00e1ny\u00e1ban. Munk\u00e1j\u00e1t prec\u00edzen, pontosan v\u00e9gzi, int\u00e9zked\u00e9si kult\u00far\u00e1ja \u00e9s jogszab\u00e1ly ismerete kimagasl\u00f3, az \u00e1llampolg\u00e1rokkal szemben mindig tisztelettud\u00f3. A haj\u00f3s szolg\u00e1lat megalakul\u00e1sa \u00f3ta m\u00e1just\u00f3l okt\u00f3berig haj\u00f3s szolg\u00e1latot l\u00e1t el. Haj\u00f3s ismeretei n\u00e9lk\u00fcl\u00f6zhetetlenek, kiemelked\u0151ek, sz\u00e1mos esetben ny\u00fajtott seg\u00edts\u00e9get bajba jutott haj\u00f3soknak, f\u00fcrd\u0151z\u0151knek, r\u00e9szt vett m\u0171szaki ment\u00e9sekben, biztos\u00edt\u00e1si munk\u00e1latokban.<\/p>\n<p>&nbsp;<\/p>\n<p><strong>Dr. Bal\u00e1zs Andr\u00e1s polg\u00e1r\u0151r<\/strong><\/p>\n<p><img decoding=\"async\" loading=\"lazy\" class=\"alignnone wp-image-167647 size-large\" src=\"https:\/\/obuda.hu\/wp-content\/uploads\/2022\/05\/bal\u00e1zs-525x350.jpg\" alt=\"\" width=\"525\" height=\"350\" \/><\/p>\n<p><strong>Dr. Bal\u00e1zs Andr\u00e1s polg\u00e1r\u0151r <\/strong>2015. m\u00e1rcius 18-\u00e1n csatlakozott a Budapest III. Ker\u00fcleti Polg\u00e1r\u0151r Egyes\u00fclethez, hogy r\u00e9szt vegyen az \u00f6nk\u00e9ntes b\u0171nmegel\u0151z\u00e9si tev\u00e9kenys\u00e9gben. A felmer\u00fclt szitu\u00e1ci\u00f3kat j\u00e1r\u0151rvezet\u0151k\u00e9nt t\u00f6rv\u00e9nyesen \u00e9s szakszer\u0171en oldja meg. Az egyes\u00fclet egyik legmagasabb szolg\u00e1lati \u00f3rasz\u00e1mot teljes\u00edt\u0151 tagja. A Covid-19 j\u00e1rv\u00e1ny miatt kihirdetett vesz\u00e9lyhelyzet alatt rendszeresen int\u00e9zett bev\u00e1s\u00e1rl\u00e1sokat, gy\u00f3gyszerkiv\u00e1lt\u00e1sokat az arra r\u00e1szorul\u00f3k r\u00e9sz\u00e9re. A ker\u00fcleti, jelent\u0151s t\u00f6megeket megmozgat\u00f3 rendezv\u00e9nyek biztos\u00edt\u00e1s\u00e1nak egyik \u00e1lland\u00f3 r\u00e9sztvev\u0151je.<\/p>\n<p>&nbsp;<\/p>\n<p>Az idei \u00e9vben <strong>Polg\u00e1rmesteri Dics\u00e9retben<\/strong> r\u00e9szes\u00fcl <strong>Lengyel Vilmos<\/strong><\/p>\n<p><img decoding=\"async\" loading=\"lazy\" class=\"alignnone wp-image-167648 size-large\" src=\"https:\/\/obuda.hu\/wp-content\/uploads\/2022\/05\/lengyel-525x350.jpg\" alt=\"\" width=\"525\" height=\"350\" \/><\/p>\n<p><strong>Lengyel Vilmos<\/strong>, a Budapest K\u00f6z\u00fat Zrt. Forgalomtechnikai Igazgat\u00f3s\u00e1g Forgalomtechnikai kezel\u0151 f\u0151oszt\u00e1ly Buda kezel\u0151i oszt\u00e1ly vezet\u0151je hossz\u00fa ideje dolgozik ezen a szakter\u00fcleten, munk\u00e1j\u00e1val a messzemen\u0151kig t\u00e1mogatja \u00e9s seg\u00edti \u00d6nkorm\u00e1nyzatunkat. Ker\u00fclet\u00fcnk biztons\u00e1ga \u00e9rdek\u00e9ben szaktud\u00e1s\u00e1val a lehet\u0151 leghat\u00e9konyabban seg\u00edtette a forgalomtechnikai rend kialak\u00edt\u00e1s\u00e1t. Minden int\u00e9zked\u00e9s\u00e9vel a ker\u00fcleti lakosok biztons\u00e1gos \u00e9s zavartalan k\u00f6zleked\u00e9s\u00e9t seg\u00edtette, a ker\u00fclet k\u00f6zbiztons\u00e1g\u00e1nak \u00e9rdek\u00e9ben p\u00e9lda\u00e9rt\u00e9k\u0171 munk\u00e1t v\u00e9gez.<\/p>\n<p>K\u00f6sz\u00f6nj\u00fck d\u00edjazottjaink kitart\u00f3 \u00e9s magas szakmai sz\u00ednvonal\u00fa munk\u00e1j\u00e1t \u00d3buda-B\u00e9k\u00e1smegyer k\u00f6zbiztons\u00e1ga \u00e9rdek\u00e9ben! A megtisztel\u0151 elismer\u00e9shez gratul\u00e1lunk!<\/p>\n<p><img decoding=\"async\" loading=\"lazy\" class=\"alignnone wp-image-167649 size-large\" src=\"https:\/\/obuda.hu\/wp-content\/uploads\/2022\/05\/zenekar-525x350.jpg\" alt=\"\" width=\"525\" height=\"350\" \/><\/p>\n<p><img decoding=\"async\" loading=\"lazy\" class=\"alignnone wp-image-167650 size-large\" src=\"https:\/\/obuda.hu\/wp-content\/uploads\/2022\/05\/k2-525x350.jpg\" alt=\"\" width=\"525\" height=\"350\" \/><\/p>\n<p>&nbsp;<\/p>\n<p><img decoding=\"async\" loading=\"lazy\" class=\"alignnone wp-image-167652 size-large\" src=\"https:\/\/obuda.hu\/wp-content\/uploads\/2022\/05\/k3-525x350.jpg\" alt=\"\" width=\"525\" height=\"350\" \/><\/p>\n<p><img decoding=\"async\" loading=\"lazy\" class=\"alignnone wp-image-167653 size-large\" src=\"https:\/\/obuda.hu\/wp-content\/uploads\/2022\/05\/csoport-525x350.jpg\" alt=\"\" width=\"525\" height=\"350\" \/><\/p>\n<p><img decoding=\"async\" loading=\"lazy\" class=\"alignnone wp-image-167654 size-large\" src=\"https:\/\/obuda.hu\/wp-content\/uploads\/2022\/05\/kutyis-525x350.jpg\" alt=\"\" width=\"525\" height=\"350\" \/><\/p>\n","protected":false},"excerpt":{"rendered":"<p>Ker\u00fclet\u00fcnk k\u00f6zbiztons\u00e1g\u00e1\u00e9rt kitart\u00f3an \u00e9s kiemelked\u0151 szakmai sz\u00ednvonalon v\u00e9gzett munk\u00e1t minden \u00e9vben \u00d6nkorm\u00e1nyzatunk \u00e1ltal alap\u00edtott d\u00edjjal ismerj\u00fck el. Az idei \u00e9vben a b\u00e9k\u00e1smegyeri K\u00f6zbiztons\u00e1gi Nap programjainak \u00fcnnep\u00e9lyes megnyit\u00f3j\u00e1n adta \u00e1t dr. [&hellip;]<\/p>\n","protected":false},"author":7,"featured_media":2344,"comment_status":"open","ping_status":"open","sticky":false,"template":"","format":"standard","meta":[],"categories":[1],"tags":[],"yoast_head":"<!-- This site is optimized with the Yoast SEO plugin v17.5 - https:\/\/yoast.com\/wordpress\/plugins\/seo\/ -->\n<title>\u00c1tadtuk a K\u00f6zbiztons\u00e1g\u00e9rt D\u00edjakat - \u00d3buda Napja 2022 | obuda.hu<\/title>\n<meta name=\"robots\" content=\"index, follow, max-snippet:-1, max-image-preview:large, max-video-preview:-1\" \/>\n<link rel=\"canonical\" href=\"https:\/\/www.obudanapja.hu\/obuda-napja-2022\/atadtuk-a-kozbiztonsagert-dijakat\/\" \/>\n<meta property=\"og:locale\" content=\"hu_HU\" \/>\n<meta property=\"og:type\" content=\"article\" \/>\n<meta property=\"og:title\" content=\"\u00c1tadtuk a K\u00f6zbiztons\u00e1g\u00e9rt D\u00edjakat - \u00d3buda Napja 2022 | obuda.hu\" \/>\n<meta property=\"og:description\" content=\"Ker\u00fclet\u00fcnk k\u00f6zbiztons\u00e1g\u00e1\u00e9rt kitart\u00f3an \u00e9s kiemelked\u0151 szakmai sz\u00ednvonalon v\u00e9gzett munk\u00e1t minden \u00e9vben \u00d6nkorm\u00e1nyzatunk \u00e1ltal alap\u00edtott d\u00edjjal ismerj\u00fck el. Az idei \u00e9vben a b\u00e9k\u00e1smegyeri K\u00f6zbiztons\u00e1gi Nap programjainak \u00fcnnep\u00e9lyes megnyit\u00f3j\u00e1n adta \u00e1t dr. [&hellip;]\" \/>\n<meta property=\"og:url\" content=\"https:\/\/www.obudanapja.hu\/obuda-napja-2022\/atadtuk-a-kozbiztonsagert-dijakat\/\" \/>\n<meta property=\"og:site_name\" content=\"\u00d3buda Napja 2022 | obuda.hu\" \/>\n<meta property=\"article:published_time\" content=\"2022-05-07T11:54:49+00:00\" \/>\n<meta property=\"og:image\" content=\"https:\/\/www.obudanapja.hu\/obuda-napja-2022\/wp-content\/uploads\/2022\/05\/obudanapja22dijak_1920x1080-01-scaled.jpeg\" \/>\n\t<meta property=\"og:image:width\" content=\"2560\" \/>\n\t<meta property=\"og:image:height\" content=\"1440\" \/>\n<meta name=\"twitter:card\" content=\"summary_large_image\" \/>\n<meta name=\"twitter:label1\" content=\"Szerz\u0151:\" \/>\n\t<meta name=\"twitter:data1\" content=\"obudaizisztoth\" \/>\n\t<meta name=\"twitter:label2\" content=\"Becs\u00fclt olvas\u00e1si id\u0151\" \/>\n\t<meta name=\"twitter:data2\" content=\"6 perc\" \/>\n<script type=\"application\/ld+json\" class=\"yoast-schema-graph\">{\"@context\":\"https:\/\/schema.org\",\"@graph\":[{\"@type\":\"WebSite\",\"@id\":\"https:\/\/www.obudanapja.hu\/obuda-napja-2022\/#website\",\"url\":\"https:\/\/www.obudanapja.hu\/obuda-napja-2022\/\",\"name\":\"\\u00d3buda Napja 2022 | obuda.hu\",\"description\":\"\",\"potentialAction\":[{\"@type\":\"SearchAction\",\"target\":{\"@type\":\"EntryPoint\",\"urlTemplate\":\"https:\/\/www.obudanapja.hu\/obuda-napja-2022\/?s={search_term_string}\"},\"query-input\":\"required name=search_term_string\"}],\"inLanguage\":\"hu\"},{\"@type\":\"ImageObject\",\"@id\":\"https:\/\/www.obudanapja.hu\/obuda-napja-2022\/atadtuk-a-kozbiztonsagert-dijakat\/#primaryimage\",\"inLanguage\":\"hu\",\"url\":\"https:\/\/www.obudanapja.hu\/obuda-napja-2022\/wp-content\/uploads\/2022\/05\/obudanapja22dijak_1920x1080-01-scaled.jpeg\",\"contentUrl\":\"https:\/\/www.obudanapja.hu\/obuda-napja-2022\/wp-content\/uploads\/2022\/05\/obudanapja22dijak_1920x1080-01-scaled.jpeg\",\"width\":2560,\"height\":1440},{\"@type\":\"WebPage\",\"@id\":\"https:\/\/www.obudanapja.hu\/obuda-napja-2022\/atadtuk-a-kozbiztonsagert-dijakat\/#webpage\",\"url\":\"https:\/\/www.obudanapja.hu\/obuda-napja-2022\/atadtuk-a-kozbiztonsagert-dijakat\/\",\"name\":\"\\u00c1tadtuk a K\\u00f6zbiztons\\u00e1g\\u00e9rt D\\u00edjakat - \\u00d3buda Napja 2022 | obuda.hu\",\"isPartOf\":{\"@id\":\"https:\/\/www.obudanapja.hu\/obuda-napja-2022\/#website\"},\"primaryImageOfPage\":{\"@id\":\"https:\/\/www.obudanapja.hu\/obuda-napja-2022\/atadtuk-a-kozbiztonsagert-dijakat\/#primaryimage\"},\"datePublished\":\"2022-05-07T11:54:49+00:00\",\"dateModified\":\"2022-05-07T11:54:49+00:00\",\"author\":{\"@id\":\"https:\/\/www.obudanapja.hu\/obuda-napja-2022\/#\/schema\/person\/4af15e08b0330e85e2e14f954b39789d\"},\"breadcrumb\":{\"@id\":\"https:\/\/www.obudanapja.hu\/obuda-napja-2022\/atadtuk-a-kozbiztonsagert-dijakat\/#breadcrumb\"},\"inLanguage\":\"hu\",\"potentialAction\":[{\"@type\":\"ReadAction\",\"target\":[\"https:\/\/www.obudanapja.hu\/obuda-napja-2022\/atadtuk-a-kozbiztonsagert-dijakat\/\"]}]},{\"@type\":\"BreadcrumbList\",\"@id\":\"https:\/\/www.obudanapja.hu\/obuda-napja-2022\/atadtuk-a-kozbiztonsagert-dijakat\/#breadcrumb\",\"itemListElement\":[{\"@type\":\"ListItem\",\"position\":1,\"name\":\"Kezd\\u0151lap\",\"item\":\"https:\/\/www.obudanapja.hu\/obuda-napja-2022\/\"},{\"@type\":\"ListItem\",\"position\":2,\"name\":\"\\u00c1tadtuk a K\\u00f6zbiztons\\u00e1g\\u00e9rt D\\u00edjakat\"}]},{\"@type\":\"Person\",\"@id\":\"https:\/\/www.obudanapja.hu\/obuda-napja-2022\/#\/schema\/person\/4af15e08b0330e85e2e14f954b39789d\",\"name\":\"obudaizisztoth\",\"image\":{\"@type\":\"ImageObject\",\"@id\":\"https:\/\/www.obudanapja.hu\/obuda-napja-2022\/#personlogo\",\"inLanguage\":\"hu\",\"url\":\"https:\/\/secure.gravatar.com\/avatar\/a0526141c4bdb3062a67aa15bd40aa1c?s=96&d=mm&r=g\",\"contentUrl\":\"https:\/\/secure.gravatar.com\/avatar\/a0526141c4bdb3062a67aa15bd40aa1c?s=96&d=mm&r=g\",\"caption\":\"obudaizisztoth\"},\"url\":\"https:\/\/www.obudanapja.hu\/obuda-napja-2022\/author\/obudaizisztoth\/\"}]}<\/script>\n<!-- \/ Yoast SEO plugin. -->","yoast_head_json":{"title":"\u00c1tadtuk a K\u00f6zbiztons\u00e1g\u00e9rt D\u00edjakat - \u00d3buda Napja 2022 | obuda.hu","robots":{"index":"index","follow":"follow","max-snippet":"max-snippet:-1","max-image-preview":"max-image-preview:large","max-video-preview":"max-video-preview:-1"},"canonical":"https:\/\/www.obudanapja.hu\/obuda-napja-2022\/atadtuk-a-kozbiztonsagert-dijakat\/","og_locale":"hu_HU","og_type":"article","og_title":"\u00c1tadtuk a K\u00f6zbiztons\u00e1g\u00e9rt D\u00edjakat - \u00d3buda Napja 2022 | obuda.hu","og_description":"Ker\u00fclet\u00fcnk k\u00f6zbiztons\u00e1g\u00e1\u00e9rt kitart\u00f3an \u00e9s kiemelked\u0151 szakmai sz\u00ednvonalon v\u00e9gzett munk\u00e1t minden \u00e9vben \u00d6nkorm\u00e1nyzatunk \u00e1ltal alap\u00edtott d\u00edjjal ismerj\u00fck el. Az idei \u00e9vben a b\u00e9k\u00e1smegyeri K\u00f6zbiztons\u00e1gi Nap programjainak \u00fcnnep\u00e9lyes megnyit\u00f3j\u00e1n adta \u00e1t dr. [&hellip;]","og_url":"https:\/\/www.obudanapja.hu\/obuda-napja-2022\/atadtuk-a-kozbiztonsagert-dijakat\/","og_site_name":"\u00d3buda Napja 2022 | obuda.hu","article_published_time":"2022-05-07T11:54:49+00:00","og_image":[{"width":2560,"height":1440,"url":"https:\/\/www.obudanapja.hu\/obuda-napja-2022\/wp-content\/uploads\/2022\/05\/obudanapja22dijak_1920x1080-01-scaled.jpeg","type":"image\/jpeg"}],"twitter_card":"summary_large_image","twitter_misc":{"Szerz\u0151:":"obudaizisztoth","Becs\u00fclt olvas\u00e1si id\u0151":"6 perc"},"schema":{"@context":"https:\/\/schema.org","@graph":[{"@type":"WebSite","@id":"https:\/\/www.obudanapja.hu\/obuda-napja-2022\/#website","url":"https:\/\/www.obudanapja.hu\/obuda-napja-2022\/","name":"\u00d3buda Napja 2022 | obuda.hu","description":"","potentialAction":[{"@type":"SearchAction","target":{"@type":"EntryPoint","urlTemplate":"https:\/\/www.obudanapja.hu\/obuda-napja-2022\/?s={search_term_string}"},"query-input":"required name=search_term_string"}],"inLanguage":"hu"},{"@type":"ImageObject","@id":"https:\/\/www.obudanapja.hu\/obuda-napja-2022\/atadtuk-a-kozbiztonsagert-dijakat\/#primaryimage","inLanguage":"hu","url":"https:\/\/www.obudanapja.hu\/obuda-napja-2022\/wp-content\/uploads\/2022\/05\/obudanapja22dijak_1920x1080-01-scaled.jpeg","contentUrl":"https:\/\/www.obudanapja.hu\/obuda-napja-2022\/wp-content\/uploads\/2022\/05\/obudanapja22dijak_1920x1080-01-scaled.jpeg","width":2560,"height":1440},{"@type":"WebPage","@id":"https:\/\/www.obudanapja.hu\/obuda-napja-2022\/atadtuk-a-kozbiztonsagert-dijakat\/#webpage","url":"https:\/\/www.obudanapja.hu\/obuda-napja-2022\/atadtuk-a-kozbiztonsagert-dijakat\/","name":"\u00c1tadtuk a K\u00f6zbiztons\u00e1g\u00e9rt D\u00edjakat - \u00d3buda Napja 2022 | obuda.hu","isPartOf":{"@id":"https:\/\/www.obudanapja.hu\/obuda-napja-2022\/#website"},"primaryImageOfPage":{"@id":"https:\/\/www.obudanapja.hu\/obuda-napja-2022\/atadtuk-a-kozbiztonsagert-dijakat\/#primaryimage"},"datePublished":"2022-05-07T11:54:49+00:00","dateModified":"2022-05-07T11:54:49+00:00","author":{"@id":"https:\/\/www.obudanapja.hu\/obuda-napja-2022\/#\/schema\/person\/4af15e08b0330e85e2e14f954b39789d"},"breadcrumb":{"@id":"https:\/\/www.obudanapja.hu\/obuda-napja-2022\/atadtuk-a-kozbiztonsagert-dijakat\/#breadcrumb"},"inLanguage":"hu","potentialAction":[{"@type":"ReadAction","target":["https:\/\/www.obudanapja.hu\/obuda-napja-2022\/atadtuk-a-kozbiztonsagert-dijakat\/"]}]},{"@type":"BreadcrumbList","@id":"https:\/\/www.obudanapja.hu\/obuda-napja-2022\/atadtuk-a-kozbiztonsagert-dijakat\/#breadcrumb","itemListElement":[{"@type":"ListItem","position":1,"name":"Kezd\u0151lap","item":"https:\/\/www.obudanapja.hu\/obuda-napja-2022\/"},{"@type":"ListItem","position":2,"name":"\u00c1tadtuk a K\u00f6zbiztons\u00e1g\u00e9rt D\u00edjakat"}]},{"@type":"Person","@id":"https:\/\/www.obudanapja.hu\/obuda-napja-2022\/#\/schema\/person\/4af15e08b0330e85e2e14f954b39789d","name":"obudaizisztoth","image":{"@type":"ImageObject","@id":"https:\/\/www.obudanapja.hu\/obuda-napja-2022\/#personlogo","inLanguage":"hu","url":"https:\/\/secure.gravatar.com\/avatar\/a0526141c4bdb3062a67aa15bd40aa1c?s=96&d=mm&r=g","contentUrl":"https:\/\/secure.gravatar.com\/avatar\/a0526141c4bdb3062a67aa15bd40aa1c?s=96&d=mm&r=g","caption":"obudaizisztoth"},"url":"https:\/\/www.obudanapja.hu\/obuda-napja-2022\/author\/obudaizisztoth\/"}]}},"_links":{"self":[{"href":"https:\/\/www.obudanapja.hu\/obuda-napja-2022\/wp-json\/wp\/v2\/posts\/2343"}],"collection":[{"href":"https:\/\/www.obudanapja.hu\/obuda-napja-2022\/wp-json\/wp\/v2\/posts"}],"about":[{"href":"https:\/\/www.obudanapja.hu\/obuda-napja-2022\/wp-json\/wp\/v2\/types\/post"}],"author":[{"embeddable":true,"href":"https:\/\/www.obudanapja.hu\/obuda-napja-2022\/wp-json\/wp\/v2\/users\/7"}],"replies":[{"embeddable":true,"href":"https:\/\/www.obudanapja.hu\/obuda-napja-2022\/wp-json\/wp\/v2\/comments?post=2343"}],"version-history":[{"count":1,"href":"https:\/\/www.obudanapja.hu\/obuda-napja-2022\/wp-json\/wp\/v2\/posts\/2343\/revisions"}],"predecessor-version":[{"id":2345,"href":"https:\/\/www.obudanapja.hu\/obuda-napja-2022\/wp-json\/wp\/v2\/posts\/2343\/revisions\/2345"}],"wp:featuredmedia":[{"embeddable":true,"href":"https:\/\/www.obudanapja.hu\/obuda-napja-2022\/wp-json\/wp\/v2\/media\/2344"}],"wp:attachment":[{"href":"https:\/\/www.obudanapja.hu\/obuda-napja-2022\/wp-json\/wp\/v2\/media?parent=2343"}],"wp:term":[{"taxonomy":"category","embeddable":true,"href":"https:\/\/www.obudanapja.hu\/obuda-napja-2022\/wp-json\/wp\/v2\/categories?post=2343"},{"taxonomy":"post_tag","embeddable":true,"href":"https:\/\/www.obudanapja.hu\/obuda-napja-2022\/wp-json\/wp\/v2\/tags?post=2343"}],"curies":[{"name":"wp","href":"https:\/\/api.w.org\/{rel}","templated":true}]}}