{"id":2349,"date":"2022-05-10T08:49:12","date_gmt":"2022-05-10T06:49:12","guid":{"rendered":"https:\/\/www.obudanapja.hu\/obuda-napja-2022\/?p=2349"},"modified":"2022-05-10T08:49:12","modified_gmt":"2022-05-10T06:49:12","slug":"ilyen-volt-obuda-napja-2022","status":"publish","type":"post","link":"https:\/\/www.obudanapja.hu\/obuda-napja-2022\/ilyen-volt-obuda-napja-2022\/","title":{"rendered":"Ilyen volt \u00d3buda Napja 2022"},"content":{"rendered":"<p>K\u00f6sz\u00f6nj\u00fck, hogy vel\u00fcnk tartottak \u00d3buda Napj\u00e1n. N\u00e9zz\u00e9k meg r\u00f6vid vide\u00f3s \u00f6sszefoglal\u00f3nkat a h\u00e9tv\u00e9g\u00e9r\u0151l.<\/p>\n<p><iframe loading=\"lazy\" title=\"YouTube video player\" src=\"https:\/\/www.youtube.com\/embed\/ufWC3I6Dzmk\" width=\"560\" height=\"600\" frameborder=\"0\" allowfullscreen=\"allowfullscreen\"><\/iframe><\/p>\n","protected":false},"excerpt":{"rendered":"<p>K\u00f6sz\u00f6nj\u00fck, hogy vel\u00fcnk tartottak \u00d3buda Napj\u00e1n. N\u00e9zz\u00e9k meg r\u00f6vid vide\u00f3s \u00f6sszefoglal\u00f3nkat a h\u00e9tv\u00e9g\u00e9r\u0151l.<\/p>\n","protected":false},"author":7,"featured_media":2306,"comment_status":"open","ping_status":"open","sticky":false,"template":"","format":"standard","meta":[],"categories":[1],"tags":[332,331,124,281,282,325],"yoast_head":"<!-- This site is optimized with the Yoast SEO plugin v17.5 - https:\/\/yoast.com\/wordpress\/plugins\/seo\/ -->\n<title>Ilyen volt \u00d3buda Napja 2022 - \u00d3buda Napja 2022 | obuda.hu<\/title>\n<meta name=\"robots\" content=\"index, follow, max-snippet:-1, max-image-preview:large, max-video-preview:-1\" \/>\n<link rel=\"canonical\" href=\"https:\/\/www.obudanapja.hu\/obuda-napja-2022\/ilyen-volt-obuda-napja-2022\/\" \/>\n<meta property=\"og:locale\" content=\"hu_HU\" \/>\n<meta property=\"og:type\" content=\"article\" \/>\n<meta property=\"og:title\" content=\"Ilyen volt \u00d3buda Napja 2022 - \u00d3buda Napja 2022 | obuda.hu\" \/>\n<meta property=\"og:description\" content=\"K\u00f6sz\u00f6nj\u00fck, hogy vel\u00fcnk tartottak \u00d3buda Napj\u00e1n. N\u00e9zz\u00e9k meg r\u00f6vid vide\u00f3s \u00f6sszefoglal\u00f3nkat a h\u00e9tv\u00e9g\u00e9r\u0151l.\" \/>\n<meta property=\"og:url\" content=\"https:\/\/www.obudanapja.hu\/obuda-napja-2022\/ilyen-volt-obuda-napja-2022\/\" \/>\n<meta property=\"og:site_name\" content=\"\u00d3buda Napja 2022 | obuda.hu\" \/>\n<meta property=\"article:published_time\" content=\"2022-05-10T06:49:12+00:00\" \/>\n<meta property=\"og:image\" content=\"https:\/\/www.obudanapja.hu\/obuda-napja-2022\/wp-content\/uploads\/2022\/04\/obudanapja22_1920x1080-01-1-scaled.jpg\" \/>\n\t<meta property=\"og:image:width\" content=\"2560\" \/>\n\t<meta property=\"og:image:height\" content=\"1440\" \/>\n<meta name=\"twitter:card\" content=\"summary_large_image\" \/>\n<meta name=\"twitter:label1\" content=\"Szerz\u0151:\" \/>\n\t<meta name=\"twitter:data1\" content=\"obudaizisztoth\" \/>\n<script type=\"application\/ld+json\" class=\"yoast-schema-graph\">{\"@context\":\"https:\/\/schema.org\",\"@graph\":[{\"@type\":\"WebSite\",\"@id\":\"https:\/\/www.obudanapja.hu\/obuda-napja-2022\/#website\",\"url\":\"https:\/\/www.obudanapja.hu\/obuda-napja-2022\/\",\"name\":\"\\u00d3buda Napja 2022 | obuda.hu\",\"description\":\"\",\"potentialAction\":[{\"@type\":\"SearchAction\",\"target\":{\"@type\":\"EntryPoint\",\"urlTemplate\":\"https:\/\/www.obudanapja.hu\/obuda-napja-2022\/?s={search_term_string}\"},\"query-input\":\"required name=search_term_string\"}],\"inLanguage\":\"hu\"},{\"@type\":\"ImageObject\",\"@id\":\"https:\/\/www.obudanapja.hu\/obuda-napja-2022\/ilyen-volt-obuda-napja-2022\/#primaryimage\",\"inLanguage\":\"hu\",\"url\":\"https:\/\/www.obudanapja.hu\/obuda-napja-2022\/wp-content\/uploads\/2022\/04\/obudanapja22_1920x1080-01-1-scaled.jpg\",\"contentUrl\":\"https:\/\/www.obudanapja.hu\/obuda-napja-2022\/wp-content\/uploads\/2022\/04\/obudanapja22_1920x1080-01-1-scaled.jpg\",\"width\":2560,\"height\":1440},{\"@type\":\"WebPage\",\"@id\":\"https:\/\/www.obudanapja.hu\/obuda-napja-2022\/ilyen-volt-obuda-napja-2022\/#webpage\",\"url\":\"https:\/\/www.obudanapja.hu\/obuda-napja-2022\/ilyen-volt-obuda-napja-2022\/\",\"name\":\"Ilyen volt \\u00d3buda Napja 2022 - \\u00d3buda Napja 2022 | obuda.hu\",\"isPartOf\":{\"@id\":\"https:\/\/www.obudanapja.hu\/obuda-napja-2022\/#website\"},\"primaryImageOfPage\":{\"@id\":\"https:\/\/www.obudanapja.hu\/obuda-napja-2022\/ilyen-volt-obuda-napja-2022\/#primaryimage\"},\"datePublished\":\"2022-05-10T06:49:12+00:00\",\"dateModified\":\"2022-05-10T06:49:12+00:00\",\"author\":{\"@id\":\"https:\/\/www.obudanapja.hu\/obuda-napja-2022\/#\/schema\/person\/4af15e08b0330e85e2e14f954b39789d\"},\"breadcrumb\":{\"@id\":\"https:\/\/www.obudanapja.hu\/obuda-napja-2022\/ilyen-volt-obuda-napja-2022\/#breadcrumb\"},\"inLanguage\":\"hu\",\"potentialAction\":[{\"@type\":\"ReadAction\",\"target\":[\"https:\/\/www.obudanapja.hu\/obuda-napja-2022\/ilyen-volt-obuda-napja-2022\/\"]}]},{\"@type\":\"BreadcrumbList\",\"@id\":\"https:\/\/www.obudanapja.hu\/obuda-napja-2022\/ilyen-volt-obuda-napja-2022\/#breadcrumb\",\"itemListElement\":[{\"@type\":\"ListItem\",\"position\":1,\"name\":\"Kezd\\u0151lap\",\"item\":\"https:\/\/www.obudanapja.hu\/obuda-napja-2022\/\"},{\"@type\":\"ListItem\",\"position\":2,\"name\":\"Ilyen volt \\u00d3buda Napja 2022\"}]},{\"@type\":\"Person\",\"@id\":\"https:\/\/www.obudanapja.hu\/obuda-napja-2022\/#\/schema\/person\/4af15e08b0330e85e2e14f954b39789d\",\"name\":\"obudaizisztoth\",\"image\":{\"@type\":\"ImageObject\",\"@id\":\"https:\/\/www.obudanapja.hu\/obuda-napja-2022\/#personlogo\",\"inLanguage\":\"hu\",\"url\":\"https:\/\/secure.gravatar.com\/avatar\/a0526141c4bdb3062a67aa15bd40aa1c?s=96&d=mm&r=g\",\"contentUrl\":\"https:\/\/secure.gravatar.com\/avatar\/a0526141c4bdb3062a67aa15bd40aa1c?s=96&d=mm&r=g\",\"caption\":\"obudaizisztoth\"},\"url\":\"https:\/\/www.obudanapja.hu\/obuda-napja-2022\/author\/obudaizisztoth\/\"}]}<\/script>\n<!-- \/ Yoast SEO plugin. -->","yoast_head_json":{"title":"Ilyen volt \u00d3buda Napja 2022 - \u00d3buda Napja 2022 | obuda.hu","robots":{"index":"index","follow":"follow","max-snippet":"max-snippet:-1","max-image-preview":"max-image-preview:large","max-video-preview":"max-video-preview:-1"},"canonical":"https:\/\/www.obudanapja.hu\/obuda-napja-2022\/ilyen-volt-obuda-napja-2022\/","og_locale":"hu_HU","og_type":"article","og_title":"Ilyen volt \u00d3buda Napja 2022 - \u00d3buda Napja 2022 | obuda.hu","og_description":"K\u00f6sz\u00f6nj\u00fck, hogy vel\u00fcnk tartottak \u00d3buda Napj\u00e1n. N\u00e9zz\u00e9k meg r\u00f6vid vide\u00f3s \u00f6sszefoglal\u00f3nkat a h\u00e9tv\u00e9g\u00e9r\u0151l.","og_url":"https:\/\/www.obudanapja.hu\/obuda-napja-2022\/ilyen-volt-obuda-napja-2022\/","og_site_name":"\u00d3buda Napja 2022 | obuda.hu","article_published_time":"2022-05-10T06:49:12+00:00","og_image":[{"width":2560,"height":1440,"url":"https:\/\/www.obudanapja.hu\/obuda-napja-2022\/wp-content\/uploads\/2022\/04\/obudanapja22_1920x1080-01-1-scaled.jpg","type":"image\/jpeg"}],"twitter_card":"summary_large_image","twitter_misc":{"Szerz\u0151:":"obudaizisztoth"},"schema":{"@context":"https:\/\/schema.org","@graph":[{"@type":"WebSite","@id":"https:\/\/www.obudanapja.hu\/obuda-napja-2022\/#website","url":"https:\/\/www.obudanapja.hu\/obuda-napja-2022\/","name":"\u00d3buda Napja 2022 | obuda.hu","description":"","potentialAction":[{"@type":"SearchAction","target":{"@type":"EntryPoint","urlTemplate":"https:\/\/www.obudanapja.hu\/obuda-napja-2022\/?s={search_term_string}"},"query-input":"required name=search_term_string"}],"inLanguage":"hu"},{"@type":"ImageObject","@id":"https:\/\/www.obudanapja.hu\/obuda-napja-2022\/ilyen-volt-obuda-napja-2022\/#primaryimage","inLanguage":"hu","url":"https:\/\/www.obudanapja.hu\/obuda-napja-2022\/wp-content\/uploads\/2022\/04\/obudanapja22_1920x1080-01-1-scaled.jpg","contentUrl":"https:\/\/www.obudanapja.hu\/obuda-napja-2022\/wp-content\/uploads\/2022\/04\/obudanapja22_1920x1080-01-1-scaled.jpg","width":2560,"height":1440},{"@type":"WebPage","@id":"https:\/\/www.obudanapja.hu\/obuda-napja-2022\/ilyen-volt-obuda-napja-2022\/#webpage","url":"https:\/\/www.obudanapja.hu\/obuda-napja-2022\/ilyen-volt-obuda-napja-2022\/","name":"Ilyen volt \u00d3buda Napja 2022 - \u00d3buda Napja 2022 | obuda.hu","isPartOf":{"@id":"https:\/\/www.obudanapja.hu\/obuda-napja-2022\/#website"},"primaryImageOfPage":{"@id":"https:\/\/www.obudanapja.hu\/obuda-napja-2022\/ilyen-volt-obuda-napja-2022\/#primaryimage"},"datePublished":"2022-05-10T06:49:12+00:00","dateModified":"2022-05-10T06:49:12+00:00","author":{"@id":"https:\/\/www.obudanapja.hu\/obuda-napja-2022\/#\/schema\/person\/4af15e08b0330e85e2e14f954b39789d"},"breadcrumb":{"@id":"https:\/\/www.obudanapja.hu\/obuda-napja-2022\/ilyen-volt-obuda-napja-2022\/#breadcrumb"},"inLanguage":"hu","potentialAction":[{"@type":"ReadAction","target":["https:\/\/www.obudanapja.hu\/obuda-napja-2022\/ilyen-volt-obuda-napja-2022\/"]}]},{"@type":"BreadcrumbList","@id":"https:\/\/www.obudanapja.hu\/obuda-napja-2022\/ilyen-volt-obuda-napja-2022\/#breadcrumb","itemListElement":[{"@type":"ListItem","position":1,"name":"Kezd\u0151lap","item":"https:\/\/www.obudanapja.hu\/obuda-napja-2022\/"},{"@type":"ListItem","position":2,"name":"Ilyen volt \u00d3buda Napja 2022"}]},{"@type":"Person","@id":"https:\/\/www.obudanapja.hu\/obuda-napja-2022\/#\/schema\/person\/4af15e08b0330e85e2e14f954b39789d","name":"obudaizisztoth","image":{"@type":"ImageObject","@id":"https:\/\/www.obudanapja.hu\/obuda-napja-2022\/#personlogo","inLanguage":"hu","url":"https:\/\/secure.gravatar.com\/avatar\/a0526141c4bdb3062a67aa15bd40aa1c?s=96&d=mm&r=g","contentUrl":"https:\/\/secure.gravatar.com\/avatar\/a0526141c4bdb3062a67aa15bd40aa1c?s=96&d=mm&r=g","caption":"obudaizisztoth"},"url":"https:\/\/www.obudanapja.hu\/obuda-napja-2022\/author\/obudaizisztoth\/"}]}},"_links":{"self":[{"href":"https:\/\/www.obudanapja.hu\/obuda-napja-2022\/wp-json\/wp\/v2\/posts\/2349"}],"collection":[{"href":"https:\/\/www.obudanapja.hu\/obuda-napja-2022\/wp-json\/wp\/v2\/posts"}],"about":[{"href":"https:\/\/www.obudanapja.hu\/obuda-napja-2022\/wp-json\/wp\/v2\/types\/post"}],"author":[{"embeddable":true,"href":"https:\/\/www.obudanapja.hu\/obuda-napja-2022\/wp-json\/wp\/v2\/users\/7"}],"replies":[{"embeddable":true,"href":"https:\/\/www.obudanapja.hu\/obuda-napja-2022\/wp-json\/wp\/v2\/comments?post=2349"}],"version-history":[{"count":1,"href":"https:\/\/www.obudanapja.hu\/obuda-napja-2022\/wp-json\/wp\/v2\/posts\/2349\/revisions"}],"predecessor-version":[{"id":2350,"href":"https:\/\/www.obudanapja.hu\/obuda-napja-2022\/wp-json\/wp\/v2\/posts\/2349\/revisions\/2350"}],"wp:featuredmedia":[{"embeddable":true,"href":"https:\/\/www.obudanapja.hu\/obuda-napja-2022\/wp-json\/wp\/v2\/media\/2306"}],"wp:attachment":[{"href":"https:\/\/www.obudanapja.hu\/obuda-napja-2022\/wp-json\/wp\/v2\/media?parent=2349"}],"wp:term":[{"taxonomy":"category","embeddable":true,"href":"https:\/\/www.obudanapja.hu\/obuda-napja-2022\/wp-json\/wp\/v2\/categories?post=2349"},{"taxonomy":"post_tag","embeddable":true,"href":"https:\/\/www.obudanapja.hu\/obuda-napja-2022\/wp-json\/wp\/v2\/tags?post=2349"}],"curies":[{"name":"wp","href":"https:\/\/api.w.org\/{rel}","templated":true}]}}