{"id":629,"date":"2021-11-25T12:20:09","date_gmt":"2021-11-25T11:20:09","guid":{"rendered":"https:\/\/www.obudanapja.hu\/obuda-napja-2022\/?p=629"},"modified":"2022-04-26T12:26:41","modified_gmt":"2022-04-26T10:26:41","slug":"polgarmesteri-koszonto","status":"publish","type":"post","link":"https:\/\/www.obudanapja.hu\/obuda-napja-2022\/polgarmesteri-koszonto\/","title":{"rendered":"Polg\u00e1rmesteri K\u00f6sz\u00f6nt\u0151"},"content":{"rendered":"<p><em>\u201eM\u00e1jus sugar\u00e1t itta b\u00e9 a lelkem \u2013<\/em><\/p>\n<p><em>M\u00e1jusi f\u00e9nyben gy\u00f3gyul\u00e1sra leltem\u201d<\/em><\/p>\n<p><strong>Tisztelt harmadik ker\u00fcletiek! Kedves bar\u00e1taim!<\/strong><\/p>\n<p>Szeretettel k\u00f6sz\u00f6nt\u00f6m \u00d6n\u00f6ket a tizenhatodik \u00d3buda Napja alkalm\u00e1b\u00f3l, amelyet \u00fajra egy\u00fctt t\u00f6lthet\u00fcnk, miut\u00e1n e nagy hagyom\u00e1ny\u00fa \u00fcnnep\u00fcnket az elm\u00falt k\u00e9t \u00e9vben sajnos rendhagy\u00f3 m\u00f3don k\u00e9nyszer\u00fclt\u00fcnk megrendezni.<\/p>\n<p>\u00cdgy k\u00fcl\u00f6n\u00f6s \u00f6r\u00f6m, hogy \u2013 Ady Endre \u00e9rz\u00e9seit megid\u00e9zve \u2013 egy\u00fctt \u00f6r\u00fclhet\u00fcnk a m\u00e1jusi nap sugarainak, \u00e9s az idei \u00d3buda Napja rendezv\u00e9nysorozatunkon egy teljes h\u00e9tv\u00e9g\u00e9n n\u00e9gy, k\u00fcl\u00f6nb\u00f6z\u0151 harmadik ker\u00fcleti helysz\u00ednen tal\u00e1lkozhatunk szem\u00e9lyesen is, hogy egy\u00fctt \u00fcnnepelj\u00fcnk.<\/p>\n<p>Sz\u00ednes k\u00f6z\u00f6ss\u00e9gi \u00e9s kultur\u00e1lis programokkal, m\u0171sorokkal k\u00e9sz\u00fclt\u00fcnk, hogy az \u00f3buda-b\u00e9k\u00e1smegyeri \u00e9s a hozz\u00e1nk csatlakoz\u00f3, kikapcsol\u00f3d\u00e1sra v\u00e1gy\u00f3 l\u00e1togat\u00f3k, csal\u00e1dok biztosan tudjanak v\u00e1lasztani gondosan \u00f6ssze\u00e1ll\u00edtott k\u00edn\u00e1latunkb\u00f3l.<\/p>\n<p>\u00d6nkorm\u00e1nyzatunk kit\u00fcntet\u00e9seit is \u00d3buda Napja alkalm\u00e1b\u00f3l adjuk \u00e1t, elismerve azokat a kiemelked\u0151 teljes\u00edtm\u00e9nyeket, elhivatott t\u00f6rekv\u00e9seket, amelyek a harmadik ker\u00fcletet gazdag\u00edtj\u00e1k, az itt \u00e9l\u0151ket szolg\u00e1lj\u00e1k.<\/p>\n<p>M\u0171sorf\u00fczet\u00fcnket forgass\u00e1k \u00f6r\u00f6mmel \u00e9s haszonnal. Tal\u00e1lkozzunk min\u00e9l t\u00f6bbsz\u00f6r min\u00e9l t\u00f6bb programon a F\u0151 t\u00e9ren, a Szentl\u00e9lek t\u00e9ren, a Kobuci Kertben \u00e9s a Csob\u00e1nka t\u00e9ren m\u00e1jus 7-\u00e9n \u00e9s 8-\u00e1n!<\/p>\n<p>J\u00f3 \u00fajra egy\u00fctt lenni! Kellemes sz\u00f3rakoz\u00e1st k\u00edv\u00e1nok!<\/p>\n<p>\u00d3buda-B\u00e9k\u00e1smegyer, 2022. \u00e1prilis<\/p>\n<p>dr. Kiss L\u00e1szl\u00f3<\/p>\n<p>\u00d3buda-B\u00e9k\u00e1smegyer polg\u00e1rmestere<\/p>\n","protected":false},"excerpt":{"rendered":"<p>\u201eM\u00e1jus sugar\u00e1t itta b\u00e9 a lelkem \u2013 M\u00e1jusi f\u00e9nyben gy\u00f3gyul\u00e1sra leltem\u201d Tisztelt harmadik ker\u00fcletiek! Kedves bar\u00e1taim! Szeretettel k\u00f6sz\u00f6nt\u00f6m \u00d6n\u00f6ket a tizenhatodik \u00d3buda Napja alkalm\u00e1b\u00f3l, amelyet \u00fajra egy\u00fctt t\u00f6lthet\u00fcnk, miut\u00e1n e [&hellip;]<\/p>\n","protected":false},"author":2,"featured_media":923,"comment_status":"open","ping_status":"open","sticky":false,"template":"","format":"standard","meta":[],"categories":[38],"tags":[109,111,110],"yoast_head":"<!-- This site is optimized with the Yoast SEO plugin v17.5 - https:\/\/yoast.com\/wordpress\/plugins\/seo\/ -->\n<title>Polg\u00e1rmesteri K\u00f6sz\u00f6nt\u0151 - \u00d3buda Napja 2022 | obuda.hu<\/title>\n<meta name=\"robots\" content=\"index, follow, max-snippet:-1, max-image-preview:large, max-video-preview:-1\" \/>\n<link rel=\"canonical\" href=\"https:\/\/www.obudanapja.hu\/obuda-napja-2022\/polgarmesteri-koszonto\/\" \/>\n<meta property=\"og:locale\" content=\"hu_HU\" \/>\n<meta property=\"og:type\" content=\"article\" \/>\n<meta property=\"og:title\" content=\"Polg\u00e1rmesteri K\u00f6sz\u00f6nt\u0151 - \u00d3buda Napja 2022 | obuda.hu\" \/>\n<meta property=\"og:description\" content=\"\u201eM\u00e1jus sugar\u00e1t itta b\u00e9 a lelkem \u2013 M\u00e1jusi f\u00e9nyben gy\u00f3gyul\u00e1sra leltem\u201d Tisztelt harmadik ker\u00fcletiek! Kedves bar\u00e1taim! Szeretettel k\u00f6sz\u00f6nt\u00f6m \u00d6n\u00f6ket a tizenhatodik \u00d3buda Napja alkalm\u00e1b\u00f3l, amelyet \u00fajra egy\u00fctt t\u00f6lthet\u00fcnk, miut\u00e1n e [&hellip;]\" \/>\n<meta property=\"og:url\" content=\"https:\/\/www.obudanapja.hu\/obuda-napja-2022\/polgarmesteri-koszonto\/\" \/>\n<meta property=\"og:site_name\" content=\"\u00d3buda Napja 2022 | obuda.hu\" \/>\n<meta property=\"article:published_time\" content=\"2021-11-25T11:20:09+00:00\" \/>\n<meta property=\"article:modified_time\" content=\"2022-04-26T10:26:41+00:00\" \/>\n<meta property=\"og:image\" content=\"https:\/\/www.obudanapja.hu\/obuda-napja-2022\/wp-content\/uploads\/2021\/11\/KEP-1.-dr.Kiss_-scaled.jpg\" \/>\n\t<meta property=\"og:image:width\" content=\"2560\" \/>\n\t<meta property=\"og:image:height\" content=\"1707\" \/>\n<meta name=\"twitter:card\" content=\"summary_large_image\" \/>\n<meta name=\"twitter:label1\" content=\"Szerz\u0151:\" \/>\n\t<meta name=\"twitter:data1\" content=\"sajtoObuda\" \/>\n\t<meta name=\"twitter:label2\" content=\"Becs\u00fclt olvas\u00e1si id\u0151\" \/>\n\t<meta name=\"twitter:data2\" content=\"1 perc\" \/>\n<script type=\"application\/ld+json\" class=\"yoast-schema-graph\">{\"@context\":\"https:\/\/schema.org\",\"@graph\":[{\"@type\":\"WebSite\",\"@id\":\"https:\/\/www.obudanapja.hu\/obuda-napja-2022\/#website\",\"url\":\"https:\/\/www.obudanapja.hu\/obuda-napja-2022\/\",\"name\":\"\\u00d3buda Napja 2022 | obuda.hu\",\"description\":\"\",\"potentialAction\":[{\"@type\":\"SearchAction\",\"target\":{\"@type\":\"EntryPoint\",\"urlTemplate\":\"https:\/\/www.obudanapja.hu\/obuda-napja-2022\/?s={search_term_string}\"},\"query-input\":\"required name=search_term_string\"}],\"inLanguage\":\"hu\"},{\"@type\":\"ImageObject\",\"@id\":\"https:\/\/www.obudanapja.hu\/obuda-napja-2022\/polgarmesteri-koszonto\/#primaryimage\",\"inLanguage\":\"hu\",\"url\":\"https:\/\/www.obudanapja.hu\/obuda-napja-2022\/wp-content\/uploads\/2021\/11\/KEP-1.-dr.Kiss_-scaled.jpg\",\"contentUrl\":\"https:\/\/www.obudanapja.hu\/obuda-napja-2022\/wp-content\/uploads\/2021\/11\/KEP-1.-dr.Kiss_-scaled.jpg\",\"width\":2560,\"height\":1707},{\"@type\":\"WebPage\",\"@id\":\"https:\/\/www.obudanapja.hu\/obuda-napja-2022\/polgarmesteri-koszonto\/#webpage\",\"url\":\"https:\/\/www.obudanapja.hu\/obuda-napja-2022\/polgarmesteri-koszonto\/\",\"name\":\"Polg\\u00e1rmesteri K\\u00f6sz\\u00f6nt\\u0151 - \\u00d3buda Napja 2022 | obuda.hu\",\"isPartOf\":{\"@id\":\"https:\/\/www.obudanapja.hu\/obuda-napja-2022\/#website\"},\"primaryImageOfPage\":{\"@id\":\"https:\/\/www.obudanapja.hu\/obuda-napja-2022\/polgarmesteri-koszonto\/#primaryimage\"},\"datePublished\":\"2021-11-25T11:20:09+00:00\",\"dateModified\":\"2022-04-26T10:26:41+00:00\",\"author\":{\"@id\":\"https:\/\/www.obudanapja.hu\/obuda-napja-2022\/#\/schema\/person\/e4aa4b68c9adcfb8022a8eced3c6432f\"},\"breadcrumb\":{\"@id\":\"https:\/\/www.obudanapja.hu\/obuda-napja-2022\/polgarmesteri-koszonto\/#breadcrumb\"},\"inLanguage\":\"hu\",\"potentialAction\":[{\"@type\":\"ReadAction\",\"target\":[\"https:\/\/www.obudanapja.hu\/obuda-napja-2022\/polgarmesteri-koszonto\/\"]}]},{\"@type\":\"BreadcrumbList\",\"@id\":\"https:\/\/www.obudanapja.hu\/obuda-napja-2022\/polgarmesteri-koszonto\/#breadcrumb\",\"itemListElement\":[{\"@type\":\"ListItem\",\"position\":1,\"name\":\"Kezd\\u0151lap\",\"item\":\"https:\/\/www.obudanapja.hu\/obuda-napja-2022\/\"},{\"@type\":\"ListItem\",\"position\":2,\"name\":\"Polg\\u00e1rmesteri K\\u00f6sz\\u00f6nt\\u0151\"}]},{\"@type\":\"Person\",\"@id\":\"https:\/\/www.obudanapja.hu\/obuda-napja-2022\/#\/schema\/person\/e4aa4b68c9adcfb8022a8eced3c6432f\",\"name\":\"sajtoObuda\",\"image\":{\"@type\":\"ImageObject\",\"@id\":\"https:\/\/www.obudanapja.hu\/obuda-napja-2022\/#personlogo\",\"inLanguage\":\"hu\",\"url\":\"https:\/\/secure.gravatar.com\/avatar\/cffd4937a513fb88931a08fbcb30ba1d?s=96&d=mm&r=g\",\"contentUrl\":\"https:\/\/secure.gravatar.com\/avatar\/cffd4937a513fb88931a08fbcb30ba1d?s=96&d=mm&r=g\",\"caption\":\"sajtoObuda\"},\"url\":\"https:\/\/www.obudanapja.hu\/obuda-napja-2022\/author\/sajtoobuda\/\"}]}<\/script>\n<!-- \/ Yoast SEO plugin. -->","yoast_head_json":{"title":"Polg\u00e1rmesteri K\u00f6sz\u00f6nt\u0151 - \u00d3buda Napja 2022 | obuda.hu","robots":{"index":"index","follow":"follow","max-snippet":"max-snippet:-1","max-image-preview":"max-image-preview:large","max-video-preview":"max-video-preview:-1"},"canonical":"https:\/\/www.obudanapja.hu\/obuda-napja-2022\/polgarmesteri-koszonto\/","og_locale":"hu_HU","og_type":"article","og_title":"Polg\u00e1rmesteri K\u00f6sz\u00f6nt\u0151 - \u00d3buda Napja 2022 | obuda.hu","og_description":"\u201eM\u00e1jus sugar\u00e1t itta b\u00e9 a lelkem \u2013 M\u00e1jusi f\u00e9nyben gy\u00f3gyul\u00e1sra leltem\u201d Tisztelt harmadik ker\u00fcletiek! Kedves bar\u00e1taim! Szeretettel k\u00f6sz\u00f6nt\u00f6m \u00d6n\u00f6ket a tizenhatodik \u00d3buda Napja alkalm\u00e1b\u00f3l, amelyet \u00fajra egy\u00fctt t\u00f6lthet\u00fcnk, miut\u00e1n e [&hellip;]","og_url":"https:\/\/www.obudanapja.hu\/obuda-napja-2022\/polgarmesteri-koszonto\/","og_site_name":"\u00d3buda Napja 2022 | obuda.hu","article_published_time":"2021-11-25T11:20:09+00:00","article_modified_time":"2022-04-26T10:26:41+00:00","og_image":[{"width":2560,"height":1707,"url":"https:\/\/www.obudanapja.hu\/obuda-napja-2022\/wp-content\/uploads\/2021\/11\/KEP-1.-dr.Kiss_-scaled.jpg","type":"image\/jpeg"}],"twitter_card":"summary_large_image","twitter_misc":{"Szerz\u0151:":"sajtoObuda","Becs\u00fclt olvas\u00e1si id\u0151":"1 perc"},"schema":{"@context":"https:\/\/schema.org","@graph":[{"@type":"WebSite","@id":"https:\/\/www.obudanapja.hu\/obuda-napja-2022\/#website","url":"https:\/\/www.obudanapja.hu\/obuda-napja-2022\/","name":"\u00d3buda Napja 2022 | obuda.hu","description":"","potentialAction":[{"@type":"SearchAction","target":{"@type":"EntryPoint","urlTemplate":"https:\/\/www.obudanapja.hu\/obuda-napja-2022\/?s={search_term_string}"},"query-input":"required name=search_term_string"}],"inLanguage":"hu"},{"@type":"ImageObject","@id":"https:\/\/www.obudanapja.hu\/obuda-napja-2022\/polgarmesteri-koszonto\/#primaryimage","inLanguage":"hu","url":"https:\/\/www.obudanapja.hu\/obuda-napja-2022\/wp-content\/uploads\/2021\/11\/KEP-1.-dr.Kiss_-scaled.jpg","contentUrl":"https:\/\/www.obudanapja.hu\/obuda-napja-2022\/wp-content\/uploads\/2021\/11\/KEP-1.-dr.Kiss_-scaled.jpg","width":2560,"height":1707},{"@type":"WebPage","@id":"https:\/\/www.obudanapja.hu\/obuda-napja-2022\/polgarmesteri-koszonto\/#webpage","url":"https:\/\/www.obudanapja.hu\/obuda-napja-2022\/polgarmesteri-koszonto\/","name":"Polg\u00e1rmesteri K\u00f6sz\u00f6nt\u0151 - \u00d3buda Napja 2022 | obuda.hu","isPartOf":{"@id":"https:\/\/www.obudanapja.hu\/obuda-napja-2022\/#website"},"primaryImageOfPage":{"@id":"https:\/\/www.obudanapja.hu\/obuda-napja-2022\/polgarmesteri-koszonto\/#primaryimage"},"datePublished":"2021-11-25T11:20:09+00:00","dateModified":"2022-04-26T10:26:41+00:00","author":{"@id":"https:\/\/www.obudanapja.hu\/obuda-napja-2022\/#\/schema\/person\/e4aa4b68c9adcfb8022a8eced3c6432f"},"breadcrumb":{"@id":"https:\/\/www.obudanapja.hu\/obuda-napja-2022\/polgarmesteri-koszonto\/#breadcrumb"},"inLanguage":"hu","potentialAction":[{"@type":"ReadAction","target":["https:\/\/www.obudanapja.hu\/obuda-napja-2022\/polgarmesteri-koszonto\/"]}]},{"@type":"BreadcrumbList","@id":"https:\/\/www.obudanapja.hu\/obuda-napja-2022\/polgarmesteri-koszonto\/#breadcrumb","itemListElement":[{"@type":"ListItem","position":1,"name":"Kezd\u0151lap","item":"https:\/\/www.obudanapja.hu\/obuda-napja-2022\/"},{"@type":"ListItem","position":2,"name":"Polg\u00e1rmesteri K\u00f6sz\u00f6nt\u0151"}]},{"@type":"Person","@id":"https:\/\/www.obudanapja.hu\/obuda-napja-2022\/#\/schema\/person\/e4aa4b68c9adcfb8022a8eced3c6432f","name":"sajtoObuda","image":{"@type":"ImageObject","@id":"https:\/\/www.obudanapja.hu\/obuda-napja-2022\/#personlogo","inLanguage":"hu","url":"https:\/\/secure.gravatar.com\/avatar\/cffd4937a513fb88931a08fbcb30ba1d?s=96&d=mm&r=g","contentUrl":"https:\/\/secure.gravatar.com\/avatar\/cffd4937a513fb88931a08fbcb30ba1d?s=96&d=mm&r=g","caption":"sajtoObuda"},"url":"https:\/\/www.obudanapja.hu\/obuda-napja-2022\/author\/sajtoobuda\/"}]}},"_links":{"self":[{"href":"https:\/\/www.obudanapja.hu\/obuda-napja-2022\/wp-json\/wp\/v2\/posts\/629"}],"collection":[{"href":"https:\/\/www.obudanapja.hu\/obuda-napja-2022\/wp-json\/wp\/v2\/posts"}],"about":[{"href":"https:\/\/www.obudanapja.hu\/obuda-napja-2022\/wp-json\/wp\/v2\/types\/post"}],"author":[{"embeddable":true,"href":"https:\/\/www.obudanapja.hu\/obuda-napja-2022\/wp-json\/wp\/v2\/users\/2"}],"replies":[{"embeddable":true,"href":"https:\/\/www.obudanapja.hu\/obuda-napja-2022\/wp-json\/wp\/v2\/comments?post=629"}],"version-history":[{"count":5,"href":"https:\/\/www.obudanapja.hu\/obuda-napja-2022\/wp-json\/wp\/v2\/posts\/629\/revisions"}],"predecessor-version":[{"id":2278,"href":"https:\/\/www.obudanapja.hu\/obuda-napja-2022\/wp-json\/wp\/v2\/posts\/629\/revisions\/2278"}],"wp:featuredmedia":[{"embeddable":true,"href":"https:\/\/www.obudanapja.hu\/obuda-napja-2022\/wp-json\/wp\/v2\/media\/923"}],"wp:attachment":[{"href":"https:\/\/www.obudanapja.hu\/obuda-napja-2022\/wp-json\/wp\/v2\/media?parent=629"}],"wp:term":[{"taxonomy":"category","embeddable":true,"href":"https:\/\/www.obudanapja.hu\/obuda-napja-2022\/wp-json\/wp\/v2\/categories?post=629"},{"taxonomy":"post_tag","embeddable":true,"href":"https:\/\/www.obudanapja.hu\/obuda-napja-2022\/wp-json\/wp\/v2\/tags?post=629"}],"curies":[{"name":"wp","href":"https:\/\/api.w.org\/{rel}","templated":true}]}}