{"id":925,"date":"2021-11-18T11:03:37","date_gmt":"2021-11-18T10:03:37","guid":{"rendered":"https:\/\/www.obudanapja.hu\/obuda-napja-2022\/?p=925"},"modified":"2022-05-05T17:15:28","modified_gmt":"2022-05-05T15:15:28","slug":"fenntarthato-advent-obudan","status":"publish","type":"post","link":"https:\/\/www.obudanapja.hu\/obuda-napja-2022\/fenntarthato-advent-obudan\/","title":{"rendered":"Fenntarthat\u00f3 \u00d3buda Napja 2022"},"content":{"rendered":"<p>Kedves L\u00e1togat\u00f3ink!<\/p>\n<p>A fesztiv\u00e1lok s\u00falyos terhet r\u00f3nak k\u00f6rnyezet\u00fcnkre, ez\u00e9rt \u00d3buda-B\u00e9k\u00e1smegyer \u00d6nkorm\u00e1nyzat <a href=\"https:\/\/obuda.hu\/fenntarthatosagi-strategia\/\">Fenntarthat\u00f3s\u00e1gi Strat\u00e9gi\u00e1j\u00e1t<\/a> k\u00f6vetve, az \u00d3buda Napja 2022 rendezv\u00e9nyein is t\u00f6reksz\u00fcnk ezt a terhel\u00e9st enyh\u00edteni.\u00a0A fenntarthat\u00f3s\u00e1g j\u00f6v\u0151\u00e1ll\u00f3 fejl\u0151d\u00e9st jelent, melynek \u00e9rdek\u00e9ben cs\u00f6kkentj\u00fck a pazarl\u00e1st, gondozzuk a helyet ahol \u00e9l\u00fcnk \u00e9s t\u00f6r\u0151d\u00fcnk k\u00f6z\u00f6ss\u00e9g\u00fcnkkel.<\/p>\n<p>Az \u00d3buda Napja 2022 rendezv\u00e9nyein ez\u00e9rt:<\/p>\n<ul>\n<li>bevezetj\u00fck a <strong>REPOH\u00c1R<\/strong> haszn\u00e1lat\u00e1t.\u00a0 Ezzel nem csup\u00e1n az eldobott m\u0171anyag poharak sz\u00e1m\u00e1t cs\u00f6kkentj\u00fck, de a sz\u00e1ll\u00edt\u00e1sb\u00f3l fakad\u00f3 CO<sub>2<\/sub> kibocs\u00e1t\u00e1s is m\u00e9rs\u00e9kl\u0151dik. Az \u00d3buda ikonikus \u00e9p\u00fcleteit \u00e1br\u00e1zol\u00f3 poharakat h\u00e1romf\u00e9le m\u00e9retben lehet megv\u00e1s\u00e1rolni. A repoharak visszav\u00e1lthat\u00f3ak, de egy \u00e9rt\u00e9kes, egyedi gy\u0171jtem\u00e9ny darabjaik\u00e9nt haza is vihet\u0151ek,<\/li>\n<li>a <strong>kultur\u00e1lis es\u00e9lyegyenl\u0151s\u00e9get<\/strong> a programok <strong>INGYENES<\/strong> l\u00e1togat\u00e1s\u00e1val teremtj\u00fck meg,<\/li>\n<li>mozg\u00e1skorl\u00e1tozott vend\u00e9geink sz\u00e1m\u00e1ra a rendezv\u00e9ny teljes ter\u00fclete <strong>AKAD\u00c1LYMENTESEN<\/strong> megk\u00f6zel\u00edthet\u0151, sz\u00e1mukra k\u00fcl\u00f6n toalettet biztos\u00edtunk,<\/li>\n<li>a rendezv\u00e9ny <strong>\u00c1LLATBAR\u00c1T,<\/strong> a szab\u00e1lyok betart\u00e1s\u00e1val, h\u00e1zi kedvencek: kutya, vad\u00e1szg\u00f6r\u00e9ny, egyes r\u00e1gcs\u00e1l\u00f3 fajt\u00e1k a rendezv\u00e9nyre behozhat\u00f3k. \u00c1llatsz\u0151rt a rendezv\u00e9nyen nem \u00e1rus\u00edtunk.<\/li>\n<\/ul>\n<p>A fenntarthat\u00f3s\u00e1g \u00e9rdek\u00e9ben \u00d6n\u00f6kt\u0151l azt k\u00e9rj\u00fck, hogy ha tehetik, a rendezv\u00e9nyt <strong>KER\u00c9KP\u00c1RRAL, T\u00d6MEGK\u00d6ZLEKED\u00c9SSEL, VAGY GYALOGOSAN<\/strong> k\u00f6zel\u00edts\u00e9k meg!<\/p>\n<p>K\u00f6sz\u00f6nj\u00fck, hogy vel\u00fcnk egy\u00fctt fontosnak tartj\u00e1k \u00d3buda-B\u00e9k\u00e1smegyer fenntarthat\u00f3 fejl\u0151d\u00e9s\u00e9t!<\/p>\n<p>A szervez\u0151k<\/p>\n<p>&nbsp;<\/p>\n<p>&nbsp;<\/p>\n","protected":false},"excerpt":{"rendered":"<p>Kedves L\u00e1togat\u00f3ink! A fesztiv\u00e1lok s\u00falyos terhet r\u00f3nak k\u00f6rnyezet\u00fcnkre, ez\u00e9rt \u00d3buda-B\u00e9k\u00e1smegyer \u00d6nkorm\u00e1nyzat Fenntarthat\u00f3s\u00e1gi Strat\u00e9gi\u00e1j\u00e1t k\u00f6vetve, az \u00d3buda Napja 2022 rendezv\u00e9nyein is t\u00f6reksz\u00fcnk ezt a terhel\u00e9st enyh\u00edteni.\u00a0A fenntarthat\u00f3s\u00e1g j\u00f6v\u0151\u00e1ll\u00f3 fejl\u0151d\u00e9st jelent, melynek [&hellip;]<\/p>\n","protected":false},"author":4,"featured_media":2340,"comment_status":"open","ping_status":"open","sticky":false,"template":"","format":"standard","meta":[],"categories":[34],"tags":[118,112,113,119,114,117,116],"yoast_head":"<!-- This site is optimized with the Yoast SEO plugin v17.5 - https:\/\/yoast.com\/wordpress\/plugins\/seo\/ -->\n<title>Fenntarthat\u00f3 \u00d3buda Napja 2022 - \u00d3buda Napja 2022 | obuda.hu<\/title>\n<meta name=\"robots\" content=\"index, follow, max-snippet:-1, max-image-preview:large, max-video-preview:-1\" \/>\n<link rel=\"canonical\" href=\"https:\/\/www.obudanapja.hu\/obuda-napja-2022\/fenntarthato-advent-obudan\/\" \/>\n<meta property=\"og:locale\" content=\"hu_HU\" \/>\n<meta property=\"og:type\" content=\"article\" \/>\n<meta property=\"og:title\" content=\"Fenntarthat\u00f3 \u00d3buda Napja 2022 - \u00d3buda Napja 2022 | obuda.hu\" \/>\n<meta property=\"og:description\" content=\"Kedves L\u00e1togat\u00f3ink! A fesztiv\u00e1lok s\u00falyos terhet r\u00f3nak k\u00f6rnyezet\u00fcnkre, ez\u00e9rt \u00d3buda-B\u00e9k\u00e1smegyer \u00d6nkorm\u00e1nyzat Fenntarthat\u00f3s\u00e1gi Strat\u00e9gi\u00e1j\u00e1t k\u00f6vetve, az \u00d3buda Napja 2022 rendezv\u00e9nyein is t\u00f6reksz\u00fcnk ezt a terhel\u00e9st enyh\u00edteni.\u00a0A fenntarthat\u00f3s\u00e1g j\u00f6v\u0151\u00e1ll\u00f3 fejl\u0151d\u00e9st jelent, melynek [&hellip;]\" \/>\n<meta property=\"og:url\" content=\"https:\/\/www.obudanapja.hu\/obuda-napja-2022\/fenntarthato-advent-obudan\/\" \/>\n<meta property=\"og:site_name\" content=\"\u00d3buda Napja 2022 | obuda.hu\" \/>\n<meta property=\"article:published_time\" content=\"2021-11-18T10:03:37+00:00\" \/>\n<meta property=\"article:modified_time\" content=\"2022-05-05T15:15:28+00:00\" \/>\n<meta property=\"og:image\" content=\"https:\/\/www.obudanapja.hu\/obuda-napja-2022\/wp-content\/uploads\/2021\/11\/obudanapja22fenntarthato_1920x1080-01-scaled.jpg\" \/>\n\t<meta property=\"og:image:width\" content=\"2560\" \/>\n\t<meta property=\"og:image:height\" content=\"1440\" \/>\n<meta name=\"twitter:card\" content=\"summary_large_image\" \/>\n<meta name=\"twitter:label1\" content=\"Szerz\u0151:\" \/>\n\t<meta name=\"twitter:data1\" content=\"kontrohrandrea\" \/>\n\t<meta name=\"twitter:label2\" content=\"Becs\u00fclt olvas\u00e1si id\u0151\" \/>\n\t<meta name=\"twitter:data2\" content=\"2 perc\" \/>\n<script type=\"application\/ld+json\" class=\"yoast-schema-graph\">{\"@context\":\"https:\/\/schema.org\",\"@graph\":[{\"@type\":\"WebSite\",\"@id\":\"https:\/\/www.obudanapja.hu\/obuda-napja-2022\/#website\",\"url\":\"https:\/\/www.obudanapja.hu\/obuda-napja-2022\/\",\"name\":\"\\u00d3buda Napja 2022 | obuda.hu\",\"description\":\"\",\"potentialAction\":[{\"@type\":\"SearchAction\",\"target\":{\"@type\":\"EntryPoint\",\"urlTemplate\":\"https:\/\/www.obudanapja.hu\/obuda-napja-2022\/?s={search_term_string}\"},\"query-input\":\"required name=search_term_string\"}],\"inLanguage\":\"hu\"},{\"@type\":\"ImageObject\",\"@id\":\"https:\/\/www.obudanapja.hu\/obuda-napja-2022\/fenntarthato-advent-obudan\/#primaryimage\",\"inLanguage\":\"hu\",\"url\":\"https:\/\/www.obudanapja.hu\/obuda-napja-2022\/wp-content\/uploads\/2021\/11\/obudanapja22fenntarthato_1920x1080-01-scaled.jpg\",\"contentUrl\":\"https:\/\/www.obudanapja.hu\/obuda-napja-2022\/wp-content\/uploads\/2021\/11\/obudanapja22fenntarthato_1920x1080-01-scaled.jpg\",\"width\":2560,\"height\":1440},{\"@type\":\"WebPage\",\"@id\":\"https:\/\/www.obudanapja.hu\/obuda-napja-2022\/fenntarthato-advent-obudan\/#webpage\",\"url\":\"https:\/\/www.obudanapja.hu\/obuda-napja-2022\/fenntarthato-advent-obudan\/\",\"name\":\"Fenntarthat\\u00f3 \\u00d3buda Napja 2022 - \\u00d3buda Napja 2022 | obuda.hu\",\"isPartOf\":{\"@id\":\"https:\/\/www.obudanapja.hu\/obuda-napja-2022\/#website\"},\"primaryImageOfPage\":{\"@id\":\"https:\/\/www.obudanapja.hu\/obuda-napja-2022\/fenntarthato-advent-obudan\/#primaryimage\"},\"datePublished\":\"2021-11-18T10:03:37+00:00\",\"dateModified\":\"2022-05-05T15:15:28+00:00\",\"author\":{\"@id\":\"https:\/\/www.obudanapja.hu\/obuda-napja-2022\/#\/schema\/person\/7f8ec4bec6293d226db73e42f833e5ce\"},\"breadcrumb\":{\"@id\":\"https:\/\/www.obudanapja.hu\/obuda-napja-2022\/fenntarthato-advent-obudan\/#breadcrumb\"},\"inLanguage\":\"hu\",\"potentialAction\":[{\"@type\":\"ReadAction\",\"target\":[\"https:\/\/www.obudanapja.hu\/obuda-napja-2022\/fenntarthato-advent-obudan\/\"]}]},{\"@type\":\"BreadcrumbList\",\"@id\":\"https:\/\/www.obudanapja.hu\/obuda-napja-2022\/fenntarthato-advent-obudan\/#breadcrumb\",\"itemListElement\":[{\"@type\":\"ListItem\",\"position\":1,\"name\":\"Kezd\\u0151lap\",\"item\":\"https:\/\/www.obudanapja.hu\/obuda-napja-2022\/\"},{\"@type\":\"ListItem\",\"position\":2,\"name\":\"Fenntarthat\\u00f3 \\u00d3buda Napja 2022\"}]},{\"@type\":\"Person\",\"@id\":\"https:\/\/www.obudanapja.hu\/obuda-napja-2022\/#\/schema\/person\/7f8ec4bec6293d226db73e42f833e5ce\",\"name\":\"kontrohrandrea\",\"image\":{\"@type\":\"ImageObject\",\"@id\":\"https:\/\/www.obudanapja.hu\/obuda-napja-2022\/#personlogo\",\"inLanguage\":\"hu\",\"url\":\"https:\/\/secure.gravatar.com\/avatar\/5180e03a1bd56251a0e983cd1f8e454b?s=96&d=mm&r=g\",\"contentUrl\":\"https:\/\/secure.gravatar.com\/avatar\/5180e03a1bd56251a0e983cd1f8e454b?s=96&d=mm&r=g\",\"caption\":\"kontrohrandrea\"},\"url\":\"https:\/\/www.obudanapja.hu\/obuda-napja-2022\/author\/kontrohrandrea\/\"}]}<\/script>\n<!-- \/ Yoast SEO plugin. -->","yoast_head_json":{"title":"Fenntarthat\u00f3 \u00d3buda Napja 2022 - \u00d3buda Napja 2022 | obuda.hu","robots":{"index":"index","follow":"follow","max-snippet":"max-snippet:-1","max-image-preview":"max-image-preview:large","max-video-preview":"max-video-preview:-1"},"canonical":"https:\/\/www.obudanapja.hu\/obuda-napja-2022\/fenntarthato-advent-obudan\/","og_locale":"hu_HU","og_type":"article","og_title":"Fenntarthat\u00f3 \u00d3buda Napja 2022 - \u00d3buda Napja 2022 | obuda.hu","og_description":"Kedves L\u00e1togat\u00f3ink! A fesztiv\u00e1lok s\u00falyos terhet r\u00f3nak k\u00f6rnyezet\u00fcnkre, ez\u00e9rt \u00d3buda-B\u00e9k\u00e1smegyer \u00d6nkorm\u00e1nyzat Fenntarthat\u00f3s\u00e1gi Strat\u00e9gi\u00e1j\u00e1t k\u00f6vetve, az \u00d3buda Napja 2022 rendezv\u00e9nyein is t\u00f6reksz\u00fcnk ezt a terhel\u00e9st enyh\u00edteni.\u00a0A fenntarthat\u00f3s\u00e1g j\u00f6v\u0151\u00e1ll\u00f3 fejl\u0151d\u00e9st jelent, melynek [&hellip;]","og_url":"https:\/\/www.obudanapja.hu\/obuda-napja-2022\/fenntarthato-advent-obudan\/","og_site_name":"\u00d3buda Napja 2022 | obuda.hu","article_published_time":"2021-11-18T10:03:37+00:00","article_modified_time":"2022-05-05T15:15:28+00:00","og_image":[{"width":2560,"height":1440,"url":"https:\/\/www.obudanapja.hu\/obuda-napja-2022\/wp-content\/uploads\/2021\/11\/obudanapja22fenntarthato_1920x1080-01-scaled.jpg","type":"image\/jpeg"}],"twitter_card":"summary_large_image","twitter_misc":{"Szerz\u0151:":"kontrohrandrea","Becs\u00fclt olvas\u00e1si id\u0151":"2 perc"},"schema":{"@context":"https:\/\/schema.org","@graph":[{"@type":"WebSite","@id":"https:\/\/www.obudanapja.hu\/obuda-napja-2022\/#website","url":"https:\/\/www.obudanapja.hu\/obuda-napja-2022\/","name":"\u00d3buda Napja 2022 | obuda.hu","description":"","potentialAction":[{"@type":"SearchAction","target":{"@type":"EntryPoint","urlTemplate":"https:\/\/www.obudanapja.hu\/obuda-napja-2022\/?s={search_term_string}"},"query-input":"required name=search_term_string"}],"inLanguage":"hu"},{"@type":"ImageObject","@id":"https:\/\/www.obudanapja.hu\/obuda-napja-2022\/fenntarthato-advent-obudan\/#primaryimage","inLanguage":"hu","url":"https:\/\/www.obudanapja.hu\/obuda-napja-2022\/wp-content\/uploads\/2021\/11\/obudanapja22fenntarthato_1920x1080-01-scaled.jpg","contentUrl":"https:\/\/www.obudanapja.hu\/obuda-napja-2022\/wp-content\/uploads\/2021\/11\/obudanapja22fenntarthato_1920x1080-01-scaled.jpg","width":2560,"height":1440},{"@type":"WebPage","@id":"https:\/\/www.obudanapja.hu\/obuda-napja-2022\/fenntarthato-advent-obudan\/#webpage","url":"https:\/\/www.obudanapja.hu\/obuda-napja-2022\/fenntarthato-advent-obudan\/","name":"Fenntarthat\u00f3 \u00d3buda Napja 2022 - \u00d3buda Napja 2022 | obuda.hu","isPartOf":{"@id":"https:\/\/www.obudanapja.hu\/obuda-napja-2022\/#website"},"primaryImageOfPage":{"@id":"https:\/\/www.obudanapja.hu\/obuda-napja-2022\/fenntarthato-advent-obudan\/#primaryimage"},"datePublished":"2021-11-18T10:03:37+00:00","dateModified":"2022-05-05T15:15:28+00:00","author":{"@id":"https:\/\/www.obudanapja.hu\/obuda-napja-2022\/#\/schema\/person\/7f8ec4bec6293d226db73e42f833e5ce"},"breadcrumb":{"@id":"https:\/\/www.obudanapja.hu\/obuda-napja-2022\/fenntarthato-advent-obudan\/#breadcrumb"},"inLanguage":"hu","potentialAction":[{"@type":"ReadAction","target":["https:\/\/www.obudanapja.hu\/obuda-napja-2022\/fenntarthato-advent-obudan\/"]}]},{"@type":"BreadcrumbList","@id":"https:\/\/www.obudanapja.hu\/obuda-napja-2022\/fenntarthato-advent-obudan\/#breadcrumb","itemListElement":[{"@type":"ListItem","position":1,"name":"Kezd\u0151lap","item":"https:\/\/www.obudanapja.hu\/obuda-napja-2022\/"},{"@type":"ListItem","position":2,"name":"Fenntarthat\u00f3 \u00d3buda Napja 2022"}]},{"@type":"Person","@id":"https:\/\/www.obudanapja.hu\/obuda-napja-2022\/#\/schema\/person\/7f8ec4bec6293d226db73e42f833e5ce","name":"kontrohrandrea","image":{"@type":"ImageObject","@id":"https:\/\/www.obudanapja.hu\/obuda-napja-2022\/#personlogo","inLanguage":"hu","url":"https:\/\/secure.gravatar.com\/avatar\/5180e03a1bd56251a0e983cd1f8e454b?s=96&d=mm&r=g","contentUrl":"https:\/\/secure.gravatar.com\/avatar\/5180e03a1bd56251a0e983cd1f8e454b?s=96&d=mm&r=g","caption":"kontrohrandrea"},"url":"https:\/\/www.obudanapja.hu\/obuda-napja-2022\/author\/kontrohrandrea\/"}]}},"_links":{"self":[{"href":"https:\/\/www.obudanapja.hu\/obuda-napja-2022\/wp-json\/wp\/v2\/posts\/925"}],"collection":[{"href":"https:\/\/www.obudanapja.hu\/obuda-napja-2022\/wp-json\/wp\/v2\/posts"}],"about":[{"href":"https:\/\/www.obudanapja.hu\/obuda-napja-2022\/wp-json\/wp\/v2\/types\/post"}],"author":[{"embeddable":true,"href":"https:\/\/www.obudanapja.hu\/obuda-napja-2022\/wp-json\/wp\/v2\/users\/4"}],"replies":[{"embeddable":true,"href":"https:\/\/www.obudanapja.hu\/obuda-napja-2022\/wp-json\/wp\/v2\/comments?post=925"}],"version-history":[{"count":9,"href":"https:\/\/www.obudanapja.hu\/obuda-napja-2022\/wp-json\/wp\/v2\/posts\/925\/revisions"}],"predecessor-version":[{"id":2339,"href":"https:\/\/www.obudanapja.hu\/obuda-napja-2022\/wp-json\/wp\/v2\/posts\/925\/revisions\/2339"}],"wp:featuredmedia":[{"embeddable":true,"href":"https:\/\/www.obudanapja.hu\/obuda-napja-2022\/wp-json\/wp\/v2\/media\/2340"}],"wp:attachment":[{"href":"https:\/\/www.obudanapja.hu\/obuda-napja-2022\/wp-json\/wp\/v2\/media?parent=925"}],"wp:term":[{"taxonomy":"category","embeddable":true,"href":"https:\/\/www.obudanapja.hu\/obuda-napja-2022\/wp-json\/wp\/v2\/categories?post=925"},{"taxonomy":"post_tag","embeddable":true,"href":"https:\/\/www.obudanapja.hu\/obuda-napja-2022\/wp-json\/wp\/v2\/tags?post=925"}],"curies":[{"name":"wp","href":"https:\/\/api.w.org\/{rel}","templated":true}]}}