{"id":937,"date":"2021-11-18T11:50:36","date_gmt":"2021-11-18T10:50:36","guid":{"rendered":"https:\/\/www.obudanapja.hu\/obuda-napja-2022\/?p=937"},"modified":"2022-05-05T17:15:51","modified_gmt":"2022-05-05T15:15:51","slug":"hazirend","status":"publish","type":"post","link":"https:\/\/www.obudanapja.hu\/obuda-napja-2022\/hazirend\/","title":{"rendered":"H\u00e1zirend"},"content":{"rendered":"<h4>\u00d3BUDA NAPJA 2022<br \/>\nH\u00c1ZIREND<\/h4>\n<p>A rendezv\u00e9nyen val\u00f3 r\u00e9szv\u00e9tel<br \/>\n1. A rendezv\u00e9ny kiz\u00e1r\u00f3lag nyitva tart\u00e1si id\u0151ben l\u00e1togathat\u00f3:<br \/>\n2022. m\u00e1jus 7. szombat 10.00-23.00 \u00e9s<br \/>\n2022. m\u00e1jus 8., vas\u00e1rnap, 10.00-21.00- \u00f3r\u00e1ig.<br \/>\n2. A rendezv\u00e9nyen \u00e9s a programokon a r\u00e9szv\u00e9tel ingyenes.<br \/>\n3. A bel\u00e9p\u00e9skor a bej\u00e1ratokn\u00e1l biztons\u00e1gi ellen\u0151rz\u00e9sre nem ker\u00fcl sor. A biztons\u00e1gi szolg\u00e1lat ugyanakkor a bej\u00e1ratokn\u00e1l \u00e9s a rendezv\u00e9ny teljes bels\u0151 ter\u00fclet\u00e9n \u00e9s id\u0151tartama alatt jogosult biztons\u00e1gi ellen\u0151rz\u00e9s v\u00e9grehajt\u00e1s\u00e1ra, a l\u00e1togat\u00f3k csomagjainak \u00e1tvizsg\u00e1l\u00e1s\u00e1ra, valamint sz\u00fcks\u00e9g est\u00e9n a l\u00e1togat\u00f3sz\u00e1m korl\u00e1toz\u00e1s\u00e1ra.<br \/>\n4. A 18 \u00e9v alatti vend\u00e9gek kiz\u00e1r\u00f3lag sz\u00fcl\u0151 vagy nagykor\u00fa szem\u00e9ly k\u00eds\u00e9ret\u00e9vel vehetnek r\u00e9szt a rendezv\u00e9nyen. Az \u00e9letkor\u00e1nak igazol\u00e1s\u00e1ra a biztons\u00e1gi szolg\u00e1lat az \u00e9rkez\u0151 vend\u00e9get felh\u00edvhatja.<br \/>\n5. A rendezv\u00e9ny kedvez\u0151tlen id\u0151j\u00e1r\u00e1si k\u00f6r\u00fclm\u00e9nyek eset\u00e9n is megtart\u00e1sra ker\u00fcl. Vesz\u00e9lyhelyzet eset\u00e9n, a szervez\u0151k felsz\u00f3l\u00edt\u00e1s\u00e1ra, saj\u00e1t biztons\u00e1guk \u00e9rdek\u00e9ben, a ki\u00fcr\u00edt\u00e9si \u00e9s menek\u00edt\u00e9si terv szerint, a rendezv\u00e9ny ter\u00fclet\u00e9t a l\u00e1togat\u00f3knak el kell hagyniuk.<\/p>\n<p>H\u00e1zi\u00e1llatok<br \/>\n6. A v\u00e1s\u00e1r ter\u00fclet\u00e9re kiz\u00e1r\u00f3lag az \u00e1ltal\u00e1nos k\u00f6zfelfog\u00e1s szerint szel\u00edd, p\u00f3r\u00e1zon vezethet\u0151 h\u00e1zi\u00e1llatok (\u201eh\u00e1zi kedvencek\u201d, tipikusan: kutya, vad\u00e1szg\u00f6r\u00e9ny, egyes r\u00e1gcs\u00e1l\u00f3 fajt\u00e1k) hozhat\u00f3k be. H\u00e1zi kedvenceket a v\u00e1s\u00e1r ter\u00fclet\u00e9re a k\u00f6vetkez\u0151 felt\u00e9telek egy\u00fcttes megl\u00e9te eset\u00e9n lehet bel\u00e9ptetni:<br \/>\na) \u00e9rv\u00e9nyes olt\u00e1si igazolv\u00e1ny 1 (egy) \u00e9vn\u00e9l nem r\u00e9gebbi veszetts\u00e9g elleni olt\u00e1ssal,<br \/>\nb) egyedi azonos\u00edt\u00f3 (olvashat\u00f3 tetov\u00e1l\u00e1s vagy mikrochip),<br \/>\nc) p\u00f3r\u00e1z, nyak\u00f6rv, sz\u00e1jkos\u00e1r, bil\u00e9ta a gazda (a v\u00e1s\u00e1r ideje alatt is el\u00e9rhet\u0151) telefonsz\u00e1m\u00e1val<br \/>\nA fentiek megl\u00e9te a bej\u00e1ratn\u00e1l ellen\u0151rz\u00e9sre ker\u00fcl \u00e9s hi\u00e1nyoss\u00e1g eset\u00e9n a h\u00e1zi kedvenc nem hozhat\u00f3 be. H\u00e1zi kedvenc behozatal\u00e1val a gazda tudom\u00e1sul veszi, hogy azt higi\u00e9nikus, az \u00e1llat sz\u00e1m\u00e1ra is megfelel\u0151 k\u00f6r\u00fclm\u00e9nyeket biztos\u00edt\u00f3 m\u00f3don k\u00f6teles tartani, tov\u00e1bb\u00e1 a kutya behozatal\u00e1val a gazda tudom\u00e1sul veszi, hogy azt a v\u00e1s\u00e1r teljes ideje alatt sz\u00e1jkos\u00e1rral, p\u00f3r\u00e1zon k\u00f6teles tartani. A v\u00e1s\u00e1r szervez\u0151i fenntartj\u00e1k maguknak a jogot egyedileg megtiltani adott \u00e1llatnak a rendezv\u00e9ny ter\u00fclet\u00e9re t\u00f6rt\u00e9n\u0151 behozatal\u00e1t.<br \/>\n7. A biztons\u00e1gi szolg\u00e1lat a rendezv\u00e9ny ter\u00fclet\u00e9re a bel\u00e9p\u00e9st, amennyiben<br \/>\n\u2022 ruh\u00e1zata olyan m\u00e9rt\u00e9kben szennyezett, vagy \u00e1ltal\u00e1nos higi\u00e9niai \u00e1llapota olyan, amely m\u00e1sokban megbotr\u00e1nkoz\u00e1st kelthet;<br \/>\n\u2022 a h\u00e1zi\u00e1llatok behozatal\u00e1ra vonatkoz\u00f3 szervez\u0151i el\u0151\u00edr\u00e1soknak nem tesz eleget.<br \/>\n8. J\u00e1rm\u0171vel a rendezv\u00e9nyek ter\u00fclet\u00e9re behajtani a l\u00e1togat\u00f3k sz\u00e1m\u00e1ra tilos!<\/p>\n<p>9. A rendezv\u00e9ny ter\u00fclet\u00e9re tilos bevinni:<br \/>\na) k\u00f6zbiztons\u00e1gra k\u00fcl\u00f6n\u00f6sen vesz\u00e9lyes eszk\u00f6zt,<br \/>\n\uf02d az olyan sz\u00far\u00f3- vagy v\u00e1g\u00f3eszk\u00f6z, amelynek sz\u00far\u00f3hossz\u00fas\u00e1ga vagy v\u00e1g\u00f3\u00e9le a 8 cm-t meghaladja, tov\u00e1bb\u00e1 a sz\u00far\u00f3hossz\u00fas\u00e1g vagy a v\u00e1g\u00f3\u00e9l m\u00e9ret\u00e9t\u0151l f\u00fcggetlen\u00fcl a dob\u00f3csillag, a rug\u00f3sk\u00e9s \u00e9s a sz\u00far\u00f3-, v\u00e1g\u00f3eszk\u00f6zt vagy testi s\u00e9r\u00fcl\u00e9s okoz\u00e1s\u00e1ra alkalmas egy\u00e9b t\u00e1rgyat kil\u00f6v\u0151 k\u00e9sz\u00fcl\u00e9k (k\u00fcl\u00f6n\u00f6sen: felajzott \u00edj, sz\u00e1mszer\u00edj, francia k\u00e9s, szigonypuska, parittya, cs\u00fazli);<br \/>\n\uf02d a jellegzetesen \u00fct\u00e9s c\u00e9lj\u00e1ra haszn\u00e1lhat\u00f3 \u00e9s az \u00fct\u00e9s erej\u00e9t, hat\u00e1s\u00e1t n\u00f6vel\u0151 eszk\u00f6z (k\u00fcl\u00f6n\u00f6sen: \u00f3lmosbot, bokszer);<br \/>\n\uf02d a l\u00e1nccal vagy egy\u00e9b hajl\u00e9kony anyaggal \u00f6sszekapcsolt botok, nehez\u00e9kek,<br \/>\n\uf02d az olyan eszk\u00f6z, melyb\u0151l a szem \u00e9s a ny\u00e1lkah\u00e1rty\u00e1k, illetve a b\u0151rfel\u00fclet ingerl\u00e9s\u00e9vel t\u00e1mad\u00e1sra k\u00e9ptelen \u00e1llapotot el\u0151id\u00e9z\u0151 anyag permetezhet\u0151 ki (g\u00e1zspray);<br \/>\n\uf02d az olyan eszk\u00f6z, amely az ut\u00e1nz\u00e1s jellege \u00e9s m\u00e9retar\u00e1nyos kivitelez\u00e9se miatt megt\u00e9veszt\u00e9sre alkalmas m\u00f3don hasonl\u00edt a l\u0151fegyverre (l\u0151fegyverut\u00e1nzat);<br \/>\n\uf02d az olyan eszk\u00f6z, amely elektromos fesz\u00fclts\u00e9g \u00fatj\u00e1n v\u00e9dekez\u00e9sre k\u00e9ptelen \u00e1llapot el\u0151id\u00e9z\u00e9s\u00e9re alkalmas (elektromos sokkol\u00f3);<br \/>\n\uf02d az olyan eszk\u00f6z, amely a z\u00e1rszerkezetek illeg\u00e1lis kinyit\u00e1s\u00e1ra vagy felt\u00f6r\u00e9s\u00e9re szolg\u00e1l (k\u00fcl\u00f6n\u00f6sen: \u00e1lkulcsok, mechanikus vagy elektromos elven m\u0171k\u00f6d\u0151 z\u00e1rnyit\u00f3 szerkezetek).<br \/>\nb) l\u0151fegyvert, g\u00e1z- vagy riaszt\u00f3 fegyvert,<br \/>\nc) pirotechnikai eszk\u00f6zt, anyagot, robban\u00f3- vagy robbant\u00f3szert,<br \/>\nd) kempingf\u0151z\u0151t, PB g\u00e1zpalackot (vend\u00e9gl\u00e1t\u00f3k kiv\u00e9tel\u00e9vel),<br \/>\ne) gy\u00fal\u00e9kony (I-IV. t\u0171zvesz\u00e9lyess\u00e9gi fokozat\u00fa) folyad\u00e9kokat (pl. h\u00edg\u00edt\u00f3, fest\u00e9kadal\u00e9k, benzin, stb.),<br \/>\nf) graffiti k\u00e9sz\u00edt\u00e9s\u00e9re alkalmas eszk\u00f6z\u00f6ket (pl. fest\u00e9ksz\u00f3r\u00f3 palackot, filctollat),<br \/>\ng) k\u00e1b\u00edt\u00f3- vagy k\u00e1b\u00edt\u00f3 hat\u00e1s\u00fa szert,<br \/>\nh) kereskedelmi mennyis\u00e9g\u0171 \u00e9telt, italt,<br \/>\ni) ker\u00e9kp\u00e1rt, seg\u00e9dmotoros ker\u00e9kp\u00e1rt, \u00f6negyens\u00falyoz\u00f3, egy vagy k\u00e9t kerek\u0171, elektromos meghajt\u00e1s\u00fa eszk\u00f6zt (Segway),<br \/>\nj) t\u00e1vir\u00e1ny\u00edt\u00e1s\u00fa rep\u00fcl\u0151 eszk\u00f6zt (dr\u00f3nt).<\/p>\n<p>Italfogyaszt\u00e1s<br \/>\n10. A rendezv\u00e9nyen az italfogyaszt\u00e1s repoh\u00e1r haszn\u00e1lat\u00e1val t\u00f6rt\u00e9nik. A poharak egys\u00e9gesen 400 Ft-ba ker\u00fclnek, az italok megrendel\u00e9sekor egyszeri repoh\u00e1r haszn\u00e1lati d\u00edj ker\u00fcl felsz\u00e1mol\u00e1sra. A s\u00e9r\u00fcl\u00e9smentes repoharak visszav\u00e1lt\u00e1s\u00e1ra, a repoh\u00e1r gy\u0171jt\u0151 ponton, kiz\u00e1r\u00f3lag a rendezv\u00e9ny nyitva tart\u00e1si ideje alatt van lehet\u0151s\u00e9g. Az elhagyott poh\u00e1r\u00e9rt a szervez\u0151k nem v\u00e1llalnak felel\u0151ss\u00e9get.<br \/>\n11. 18 \u00e9ven aluliak szeszes itallal val\u00f3 kiszolg\u00e1l\u00e1sa \u00e9s sz\u00e1mukra alkohol fogyaszt\u00e1sa tilos!<\/p>\n<p>A doh\u00e1nyz\u00e1s szab\u00e1lyai<br \/>\n12. A rendezv\u00e9ny ter\u00fclet\u00e9n a doh\u00e1nyz\u00e1s nem ker\u00fcl korl\u00e1toz\u00e1sra. A rendezv\u00e9ny teljes ter\u00fclet\u00e9n a szabad t\u00e9ri t\u0171zrak\u00e1s, t\u0171zgy\u00fajt\u00e1s, ny\u00edlt l\u00e1ng\u00fa f\u0151z\u00e9s, s\u00fct\u00e9s szigor\u00faan tilos.<\/p>\n<p>T\u0171z jelz\u00e9se a helysz\u00ednen<br \/>\n13. Aki a t\u00fczet \u00e9szleli, k\u00f6teles sz\u00f3ban, hangos \u02ddT\u0170Z VAN!\u201d ki\u00e1lt\u00e1ssal riasztani a t\u0171z k\u00f6rnyezet\u00e9ben tart\u00f3zkod\u00f3kat, valamint a szervez\u0151ket.<\/p>\n<p>A tal\u00e1lt t\u00e1rgyak kezel\u00e9se<br \/>\n14. A rendezv\u00e9ny helysz\u00edn\u00e9n tal\u00e1lt dolgot az inform\u00e1ci\u00f3s pont veszi \u00e1t, azt a helysz\u00ednen \u0151rzi. A tal\u00e1lt dolog jegyz\u0151k\u00f6nyv alapj\u00e1n a tulajdonos\u00e1nak, vagy m\u00e1s \u00e1tv\u00e9telre jogosultnak adhat\u00f3 vissza, ha az \u00e1tvev\u0151 hitelt \u00e9rdeml\u0151en igazolja, hogy a dolog az \u0151 tulajdon\u00e1t k\u00e9pezi, vagy annak \u00e1tv\u00e9tel\u00e9re jogosult.<\/p>\n<p>A nyilv\u00e1noss\u00e1gra vonatkoz\u00f3 tudnival\u00f3k<br \/>\n15. A rendezv\u00e9ny ideje alatt a r\u00e9sztvev\u0151kr\u0151l felv\u00e9telek k\u00e9sz\u00fclhetnek (f\u00e9nyk\u00e9pek \u00e9s vide\u00f3 felv\u00e9telek hangr\u00f6gz\u00edt\u00e9ssel egybek\u00f6tve). A rendezv\u00e9nyen val\u00f3 megjelen\u00e9s mag\u00e1val vonja a beleegyez\u00e9st, hogy ezeket a felv\u00e9teleket saj\u00e1t c\u00e9lra felhaszn\u00e1lhatjuk, publik\u00e1lhatjuk.<br \/>\n16. A m\u0171sorv\u00e1ltoz\u00e1s jog\u00e1t a szervez\u0151 fenntartja.<\/p>\n<p>Budapest, 2022. m\u00e1jus 6.<\/p>\n<p>L\u0151rincz Edina<br \/>\n\u00fcgyvezet\u0151,<br \/>\n\u00d3budai Kultur\u00e1lis K\u00f6zpont Nonprofit Kft.<br \/>\nszervez\u0151<\/p>\n<p><a href=\"https:\/\/www.obudanapja.hu\/obuda-napja-2022\/wp-content\/uploads\/2021\/11\/Menekulesi-terv.pdf\">KI\u00dcR\u00cdT\u00c9SI \u00c9S MENEK\u00cdT\u00c9SI TERV<\/a><\/p>\n<p>A rendezv\u00e9ny ter\u00fclet\u00e9n tart\u00f3zkod\u00f3k riaszt\u00e1s\u00e1nak m\u00f3dja<\/p>\n<p>1. A rendezv\u00e9ny ter\u00fclet\u00e9n tart\u00f3zkod\u00f3k riaszt\u00e1s\u00e1t a telep\u00edtett hangos\u00edt\u00f3 berendez\u00e9s alkalmaz\u00e1s\u00e1val a rendezv\u00e9ny felel\u0151s szervez\u0151je rendeli el.<\/p>\n<p style=\"text-align: center;\">2. A riaszt\u00e1s \u00e9s a ter\u00fclet ki\u00fcr\u00edt\u00e9s\u00e9nek elrendel\u00e9se eset\u00e9n:<br \/>\na) a sz\u00ednpadi m\u0171sort, sz\u00f3rakoztat\u00f3 programokat, a vend\u00e9gl\u00e1t\u00f3helyeken a kiszolg\u00e1l\u00e1st azonnal be kell fejezni,<br \/>\nb) a t\u00e9rhangos\u00edt\u00e1st biztos\u00edt\u00f3 munkahelyr\u0151l (vezet\u00e9si pont, ir\u00e1ny\u00edt\u00e1si pont) a hangos\u00edt\u00f3 berendez\u00e9s alkalmaz\u00e1s\u00e1val a jelenl\u00e9v\u0151ket a felel\u0151s szervez\u0151 vagy megb\u00edzottja \u00e9rtes\u00edti az al\u00e1bbi MINTA szerint:<br \/>\n\u201eFIGYELEM!<br \/>\nA RENDEZV\u00c9NYT BIZTONS\u00c1GI OK MIATT MEGSZAK\u00cdTJUK!<br \/>\nJELENLEG NINCS K\u00d6ZVETLEN BALESET- VAGY K\u00c1RVESZ\u00c9LY, DE A MEGEL\u0150Z\u00c9S \u00c9RDEK\u00c9BEN SZ\u00dcKS\u00c9GES A PARK HALAD\u00c9KTALAN ELHAGY\u00c1SA.<br \/>\nK\u00c9REM, HOGY A RENDEZV\u00c9NY TER\u00dcLET\u00c9T HAGYJ\u00c1K EL! A T\u00c1VOZ\u00c1SHOZ VEGY\u00c9K FIGYELEMBE A KIHELYEZETT \u00daTIR\u00c1NYJELZ\u00c9SEKET.\u201d<br \/>\n(A felh\u00edv\u00e1s sz\u00f6veg\u00e9t a rendezv\u00e9ny szervez\u0151je a vesz\u00e9ly jelleg\u00e9re, hely\u00e9re, bek\u00f6vetkez\u00e9si val\u00f3sz\u00edn\u0171s\u00e9g\u00e9re m\u00f3dos\u00edthatja, illetve tov\u00e1bbi sz\u00f6vegmint\u00e1k kiad\u00e1s\u00e1ra ker\u00fclhet sor. )<\/p>\n<p>A rendezv\u00e9nyter\u00fclet elhagy\u00e1s\u00e1nak m\u00f3dja<\/p>\n<p>3. A ki\u00fcr\u00edt\u00e9si ir\u00e1nyokat a ter\u00fcleten kihelyezett menek\u00fcl\u00e9si \u00fatir\u00e1nyjelz\u0151 t\u00e1bl\u00e1k, biztons\u00e1gi jelek jelzik.<br \/>\n4. A ter\u00fclet ki\u00fcr\u00edt\u00e9se sor\u00e1n, a k\u00f6z\u00f6ns\u00e9g t\u00e1voz\u00e1sa k\u00f6zben szigor\u00faan tilos:<br \/>\na) a rendezv\u00e9ny \u00e9p\u00edtm\u00e9nyeinek bont\u00e1s\u00e1t, leszerel\u00e9s\u00e9t megkezdeni,<br \/>\nb) a ter\u00fcletre b\u00e1rmilyen j\u00e1rm\u0171vel behajtani (ment\u0151, k\u00e1relh\u00e1r\u00edt\u00f3 szervek j\u00e1rm\u0171vei kiv\u00e9tel\u00e9vel),<br \/>\nc) a felel\u0151s szervez\u0151 \u00e1ltal meghat\u00e1rozottakt\u00f3l elt\u00e9r\u0151 k\u00f6zlem\u00e9nyt, t\u00e1j\u00e9koztat\u00e1st adni, utas\u00edt\u00e1sait\u00f3l elt\u00e9rni.<\/p>\n<p><a href=\"http:obudanapja.hu\/wp-content\/uploads\/2021\/11\/Menekulesi-terv.pdf\"><img decoding=\"async\" loading=\"lazy\" class=\"alignnone wp-image-2328 size-large\" src=\"https:\/\/www.obudanapja.hu\/obuda-napja-2022\/wp-content\/uploads\/2021\/11\/Menekulesi-terv-785x1024.jpg\" alt=\"\" width=\"785\" height=\"1024\" srcset=\"https:\/\/www.obudanapja.hu\/obuda-napja-2022\/wp-content\/uploads\/2021\/11\/Menekulesi-terv-785x1024.jpg 785w, https:\/\/www.obudanapja.hu\/obuda-napja-2022\/wp-content\/uploads\/2021\/11\/Menekulesi-terv-230x300.jpg 230w, https:\/\/www.obudanapja.hu\/obuda-napja-2022\/wp-content\/uploads\/2021\/11\/Menekulesi-terv-768x1001.jpg 768w, https:\/\/www.obudanapja.hu\/obuda-napja-2022\/wp-content\/uploads\/2021\/11\/Menekulesi-terv-1178x1536.jpg 1178w, https:\/\/www.obudanapja.hu\/obuda-napja-2022\/wp-content\/uploads\/2021\/11\/Menekulesi-terv-1571x2048.jpg 1571w, https:\/\/www.obudanapja.hu\/obuda-napja-2022\/wp-content\/uploads\/2021\/11\/Menekulesi-terv-scaled.jpg 1963w\" sizes=\"(max-width: 785px) 100vw, 785px\" \/><\/a><\/p>\n","protected":false},"excerpt":{"rendered":"<p>\u00d3BUDA NAPJA 2022 H\u00c1ZIREND A rendezv\u00e9nyen val\u00f3 r\u00e9szv\u00e9tel 1. A rendezv\u00e9ny kiz\u00e1r\u00f3lag nyitva tart\u00e1si id\u0151ben l\u00e1togathat\u00f3: 2022. m\u00e1jus 7. szombat 10.00-23.00 \u00e9s 2022. m\u00e1jus 8., vas\u00e1rnap, 10.00-21.00- \u00f3r\u00e1ig. 2. A [&hellip;]<\/p>\n","protected":false},"author":4,"featured_media":2341,"comment_status":"open","ping_status":"open","sticky":false,"template":"","format":"standard","meta":[],"categories":[32],"tags":[124,129,128,127,130],"yoast_head":"<!-- This site is optimized with the Yoast SEO plugin v17.5 - https:\/\/yoast.com\/wordpress\/plugins\/seo\/ -->\n<title>H\u00e1zirend - \u00d3buda Napja 2022 | obuda.hu<\/title>\n<meta name=\"robots\" content=\"index, follow, max-snippet:-1, max-image-preview:large, max-video-preview:-1\" \/>\n<link rel=\"canonical\" href=\"https:\/\/www.obudanapja.hu\/obuda-napja-2022\/hazirend\/\" \/>\n<meta property=\"og:locale\" content=\"hu_HU\" \/>\n<meta property=\"og:type\" content=\"article\" \/>\n<meta property=\"og:title\" content=\"H\u00e1zirend - \u00d3buda Napja 2022 | obuda.hu\" \/>\n<meta property=\"og:description\" content=\"\u00d3BUDA NAPJA 2022 H\u00c1ZIREND A rendezv\u00e9nyen val\u00f3 r\u00e9szv\u00e9tel 1. A rendezv\u00e9ny kiz\u00e1r\u00f3lag nyitva tart\u00e1si id\u0151ben l\u00e1togathat\u00f3: 2022. m\u00e1jus 7. szombat 10.00-23.00 \u00e9s 2022. m\u00e1jus 8., vas\u00e1rnap, 10.00-21.00- \u00f3r\u00e1ig. 2. A [&hellip;]\" \/>\n<meta property=\"og:url\" content=\"https:\/\/www.obudanapja.hu\/obuda-napja-2022\/hazirend\/\" \/>\n<meta property=\"og:site_name\" content=\"\u00d3buda Napja 2022 | obuda.hu\" \/>\n<meta property=\"article:published_time\" content=\"2021-11-18T10:50:36+00:00\" \/>\n<meta property=\"article:modified_time\" content=\"2022-05-05T15:15:51+00:00\" \/>\n<meta property=\"og:image\" content=\"https:\/\/www.obudanapja.hu\/obuda-napja-2022\/wp-content\/uploads\/2021\/11\/obudanapja22hazirend_1920x1080-01-scaled.jpg\" \/>\n\t<meta property=\"og:image:width\" content=\"2560\" \/>\n\t<meta property=\"og:image:height\" content=\"1440\" \/>\n<meta name=\"twitter:card\" content=\"summary_large_image\" \/>\n<meta name=\"twitter:label1\" content=\"Szerz\u0151:\" \/>\n\t<meta name=\"twitter:data1\" content=\"kontrohrandrea\" \/>\n\t<meta name=\"twitter:label2\" content=\"Becs\u00fclt olvas\u00e1si id\u0151\" \/>\n\t<meta name=\"twitter:data2\" content=\"5 perc\" \/>\n<script type=\"application\/ld+json\" class=\"yoast-schema-graph\">{\"@context\":\"https:\/\/schema.org\",\"@graph\":[{\"@type\":\"WebSite\",\"@id\":\"https:\/\/www.obudanapja.hu\/obuda-napja-2022\/#website\",\"url\":\"https:\/\/www.obudanapja.hu\/obuda-napja-2022\/\",\"name\":\"\\u00d3buda Napja 2022 | obuda.hu\",\"description\":\"\",\"potentialAction\":[{\"@type\":\"SearchAction\",\"target\":{\"@type\":\"EntryPoint\",\"urlTemplate\":\"https:\/\/www.obudanapja.hu\/obuda-napja-2022\/?s={search_term_string}\"},\"query-input\":\"required name=search_term_string\"}],\"inLanguage\":\"hu\"},{\"@type\":\"ImageObject\",\"@id\":\"https:\/\/www.obudanapja.hu\/obuda-napja-2022\/hazirend\/#primaryimage\",\"inLanguage\":\"hu\",\"url\":\"https:\/\/www.obudanapja.hu\/obuda-napja-2022\/wp-content\/uploads\/2021\/11\/obudanapja22hazirend_1920x1080-01-scaled.jpg\",\"contentUrl\":\"https:\/\/www.obudanapja.hu\/obuda-napja-2022\/wp-content\/uploads\/2021\/11\/obudanapja22hazirend_1920x1080-01-scaled.jpg\",\"width\":2560,\"height\":1440},{\"@type\":\"WebPage\",\"@id\":\"https:\/\/www.obudanapja.hu\/obuda-napja-2022\/hazirend\/#webpage\",\"url\":\"https:\/\/www.obudanapja.hu\/obuda-napja-2022\/hazirend\/\",\"name\":\"H\\u00e1zirend - \\u00d3buda Napja 2022 | obuda.hu\",\"isPartOf\":{\"@id\":\"https:\/\/www.obudanapja.hu\/obuda-napja-2022\/#website\"},\"primaryImageOfPage\":{\"@id\":\"https:\/\/www.obudanapja.hu\/obuda-napja-2022\/hazirend\/#primaryimage\"},\"datePublished\":\"2021-11-18T10:50:36+00:00\",\"dateModified\":\"2022-05-05T15:15:51+00:00\",\"author\":{\"@id\":\"https:\/\/www.obudanapja.hu\/obuda-napja-2022\/#\/schema\/person\/7f8ec4bec6293d226db73e42f833e5ce\"},\"breadcrumb\":{\"@id\":\"https:\/\/www.obudanapja.hu\/obuda-napja-2022\/hazirend\/#breadcrumb\"},\"inLanguage\":\"hu\",\"potentialAction\":[{\"@type\":\"ReadAction\",\"target\":[\"https:\/\/www.obudanapja.hu\/obuda-napja-2022\/hazirend\/\"]}]},{\"@type\":\"BreadcrumbList\",\"@id\":\"https:\/\/www.obudanapja.hu\/obuda-napja-2022\/hazirend\/#breadcrumb\",\"itemListElement\":[{\"@type\":\"ListItem\",\"position\":1,\"name\":\"Kezd\\u0151lap\",\"item\":\"https:\/\/www.obudanapja.hu\/obuda-napja-2022\/\"},{\"@type\":\"ListItem\",\"position\":2,\"name\":\"H\\u00e1zirend\"}]},{\"@type\":\"Person\",\"@id\":\"https:\/\/www.obudanapja.hu\/obuda-napja-2022\/#\/schema\/person\/7f8ec4bec6293d226db73e42f833e5ce\",\"name\":\"kontrohrandrea\",\"image\":{\"@type\":\"ImageObject\",\"@id\":\"https:\/\/www.obudanapja.hu\/obuda-napja-2022\/#personlogo\",\"inLanguage\":\"hu\",\"url\":\"https:\/\/secure.gravatar.com\/avatar\/5180e03a1bd56251a0e983cd1f8e454b?s=96&d=mm&r=g\",\"contentUrl\":\"https:\/\/secure.gravatar.com\/avatar\/5180e03a1bd56251a0e983cd1f8e454b?s=96&d=mm&r=g\",\"caption\":\"kontrohrandrea\"},\"url\":\"https:\/\/www.obudanapja.hu\/obuda-napja-2022\/author\/kontrohrandrea\/\"}]}<\/script>\n<!-- \/ Yoast SEO plugin. -->","yoast_head_json":{"title":"H\u00e1zirend - \u00d3buda Napja 2022 | obuda.hu","robots":{"index":"index","follow":"follow","max-snippet":"max-snippet:-1","max-image-preview":"max-image-preview:large","max-video-preview":"max-video-preview:-1"},"canonical":"https:\/\/www.obudanapja.hu\/obuda-napja-2022\/hazirend\/","og_locale":"hu_HU","og_type":"article","og_title":"H\u00e1zirend - \u00d3buda Napja 2022 | obuda.hu","og_description":"\u00d3BUDA NAPJA 2022 H\u00c1ZIREND A rendezv\u00e9nyen val\u00f3 r\u00e9szv\u00e9tel 1. A rendezv\u00e9ny kiz\u00e1r\u00f3lag nyitva tart\u00e1si id\u0151ben l\u00e1togathat\u00f3: 2022. m\u00e1jus 7. szombat 10.00-23.00 \u00e9s 2022. m\u00e1jus 8., vas\u00e1rnap, 10.00-21.00- \u00f3r\u00e1ig. 2. A [&hellip;]","og_url":"https:\/\/www.obudanapja.hu\/obuda-napja-2022\/hazirend\/","og_site_name":"\u00d3buda Napja 2022 | obuda.hu","article_published_time":"2021-11-18T10:50:36+00:00","article_modified_time":"2022-05-05T15:15:51+00:00","og_image":[{"width":2560,"height":1440,"url":"https:\/\/www.obudanapja.hu\/obuda-napja-2022\/wp-content\/uploads\/2021\/11\/obudanapja22hazirend_1920x1080-01-scaled.jpg","type":"image\/jpeg"}],"twitter_card":"summary_large_image","twitter_misc":{"Szerz\u0151:":"kontrohrandrea","Becs\u00fclt olvas\u00e1si id\u0151":"5 perc"},"schema":{"@context":"https:\/\/schema.org","@graph":[{"@type":"WebSite","@id":"https:\/\/www.obudanapja.hu\/obuda-napja-2022\/#website","url":"https:\/\/www.obudanapja.hu\/obuda-napja-2022\/","name":"\u00d3buda Napja 2022 | obuda.hu","description":"","potentialAction":[{"@type":"SearchAction","target":{"@type":"EntryPoint","urlTemplate":"https:\/\/www.obudanapja.hu\/obuda-napja-2022\/?s={search_term_string}"},"query-input":"required name=search_term_string"}],"inLanguage":"hu"},{"@type":"ImageObject","@id":"https:\/\/www.obudanapja.hu\/obuda-napja-2022\/hazirend\/#primaryimage","inLanguage":"hu","url":"https:\/\/www.obudanapja.hu\/obuda-napja-2022\/wp-content\/uploads\/2021\/11\/obudanapja22hazirend_1920x1080-01-scaled.jpg","contentUrl":"https:\/\/www.obudanapja.hu\/obuda-napja-2022\/wp-content\/uploads\/2021\/11\/obudanapja22hazirend_1920x1080-01-scaled.jpg","width":2560,"height":1440},{"@type":"WebPage","@id":"https:\/\/www.obudanapja.hu\/obuda-napja-2022\/hazirend\/#webpage","url":"https:\/\/www.obudanapja.hu\/obuda-napja-2022\/hazirend\/","name":"H\u00e1zirend - \u00d3buda Napja 2022 | obuda.hu","isPartOf":{"@id":"https:\/\/www.obudanapja.hu\/obuda-napja-2022\/#website"},"primaryImageOfPage":{"@id":"https:\/\/www.obudanapja.hu\/obuda-napja-2022\/hazirend\/#primaryimage"},"datePublished":"2021-11-18T10:50:36+00:00","dateModified":"2022-05-05T15:15:51+00:00","author":{"@id":"https:\/\/www.obudanapja.hu\/obuda-napja-2022\/#\/schema\/person\/7f8ec4bec6293d226db73e42f833e5ce"},"breadcrumb":{"@id":"https:\/\/www.obudanapja.hu\/obuda-napja-2022\/hazirend\/#breadcrumb"},"inLanguage":"hu","potentialAction":[{"@type":"ReadAction","target":["https:\/\/www.obudanapja.hu\/obuda-napja-2022\/hazirend\/"]}]},{"@type":"BreadcrumbList","@id":"https:\/\/www.obudanapja.hu\/obuda-napja-2022\/hazirend\/#breadcrumb","itemListElement":[{"@type":"ListItem","position":1,"name":"Kezd\u0151lap","item":"https:\/\/www.obudanapja.hu\/obuda-napja-2022\/"},{"@type":"ListItem","position":2,"name":"H\u00e1zirend"}]},{"@type":"Person","@id":"https:\/\/www.obudanapja.hu\/obuda-napja-2022\/#\/schema\/person\/7f8ec4bec6293d226db73e42f833e5ce","name":"kontrohrandrea","image":{"@type":"ImageObject","@id":"https:\/\/www.obudanapja.hu\/obuda-napja-2022\/#personlogo","inLanguage":"hu","url":"https:\/\/secure.gravatar.com\/avatar\/5180e03a1bd56251a0e983cd1f8e454b?s=96&d=mm&r=g","contentUrl":"https:\/\/secure.gravatar.com\/avatar\/5180e03a1bd56251a0e983cd1f8e454b?s=96&d=mm&r=g","caption":"kontrohrandrea"},"url":"https:\/\/www.obudanapja.hu\/obuda-napja-2022\/author\/kontrohrandrea\/"}]}},"_links":{"self":[{"href":"https:\/\/www.obudanapja.hu\/obuda-napja-2022\/wp-json\/wp\/v2\/posts\/937"}],"collection":[{"href":"https:\/\/www.obudanapja.hu\/obuda-napja-2022\/wp-json\/wp\/v2\/posts"}],"about":[{"href":"https:\/\/www.obudanapja.hu\/obuda-napja-2022\/wp-json\/wp\/v2\/types\/post"}],"author":[{"embeddable":true,"href":"https:\/\/www.obudanapja.hu\/obuda-napja-2022\/wp-json\/wp\/v2\/users\/4"}],"replies":[{"embeddable":true,"href":"https:\/\/www.obudanapja.hu\/obuda-napja-2022\/wp-json\/wp\/v2\/comments?post=937"}],"version-history":[{"count":7,"href":"https:\/\/www.obudanapja.hu\/obuda-napja-2022\/wp-json\/wp\/v2\/posts\/937\/revisions"}],"predecessor-version":[{"id":2332,"href":"https:\/\/www.obudanapja.hu\/obuda-napja-2022\/wp-json\/wp\/v2\/posts\/937\/revisions\/2332"}],"wp:featuredmedia":[{"embeddable":true,"href":"https:\/\/www.obudanapja.hu\/obuda-napja-2022\/wp-json\/wp\/v2\/media\/2341"}],"wp:attachment":[{"href":"https:\/\/www.obudanapja.hu\/obuda-napja-2022\/wp-json\/wp\/v2\/media?parent=937"}],"wp:term":[{"taxonomy":"category","embeddable":true,"href":"https:\/\/www.obudanapja.hu\/obuda-napja-2022\/wp-json\/wp\/v2\/categories?post=937"},{"taxonomy":"post_tag","embeddable":true,"href":"https:\/\/www.obudanapja.hu\/obuda-napja-2022\/wp-json\/wp\/v2\/tags?post=937"}],"curies":[{"name":"wp","href":"https:\/\/api.w.org\/{rel}","templated":true}]}}